{"id":341211,"date":"2025-08-24T18:57:11","date_gmt":"2025-08-24T18:57:11","guid":{"rendered":"https:\/\/www.europesays.com\/fr\/341211\/"},"modified":"2025-08-24T18:57:11","modified_gmt":"2025-08-24T18:57:11","slug":"de-village-boheme-a-disneyland-du-tourisme-montmartre-menace-par-le-surtourisme","status":"publish","type":"post","link":"https:\/\/www.europesays.com\/fr\/341211\/","title":{"rendered":"De village boh\u00e8me \u00e0 Disneyland du tourisme, Montmartre menac\u00e9 par le surtourisme"},"content":{"rendered":"<p>                                            Soci\u00e9t\u00e9\n                                                                            <\/p>\n<p>\n                                            En 2024, Paris a re\u00e7u 48 700 000 touristes, et de nombreux Parisiens jugent que cette affluence commence \u00e0 avoir des effets n\u00e9fastes.                                        <\/p>\n<p>                                                Publi\u00e9 le 24 ao\u00fbt 2025 \u00e0 20h42                                                                                            <\/p>\n<p>                                            <img loading=\"lazy\" width=\"1024\" height=\"683\" src=\"https:\/\/www.europesays.com\/fr\/wp-content\/uploads\/2025\/08\/SIPA_sipa60028385_000009.jpg\" class=\"attachment-post-thumbnail size-post-thumbnail wp-post-image lazy\" alt=\"Basilique du Sacr\u00e9-Coeur \u00e0 Montmartre. Photo \u00a9 Mark Hertzberg\/ZUMA\/SIPA\" decoding=\"async\"  data-\/><\/p>\n<p>                                            Basilique du Sacr\u00e9-Coeur \u00e0 Montmartre. Photo \u00a9 Mark Hertzberg\/ZUMA\/SIPA<\/p>\n<p data-start=\"88\" data-end=\"670\">Il y a une quinzaine d\u2019ann\u00e9es, emm\u00e9nager \u00e0 Montmartre donnait l\u2019impression de vivre dans un petit village au c\u0153ur de Paris. Ce n\u2019est plus le cas aujourd\u2019hui, confie un habitant \u00e0 <a href=\"https:\/\/fr.euronews.com\/voyages\/2025\/08\/20\/les-parisiens-vent-debout-contre-le-surtourisme-et-la-disneyfication-de-montmartre\" target=\"_blank\" rel=\"noopener\">Euro News<\/a>. Selon lui, les commerces de proximit\u00e9 disparaissent progressivement, tout comme l\u2019atmosph\u00e8re conviviale qui caract\u00e9risait le quartier. Ils sont remplac\u00e9s par des hordes de gens qui prennent des selfies, des boutiques proposant des souvenirs pour touristes et des caf\u00e9s dont les terrasses d\u00e9bordent dans les ruelles \u00e9troites et pav\u00e9es, car le tourisme massif provoque de v\u00e9ritables dommages.<\/p>\n<p><a href=\"https:\/\/www.valeursactuelles.com\/faits-divers\/paris-un-homme-monte-sur-lautel-du-sacre-coeur-en-criant-allah-akbar-a-montmartre\" class=\"h-flex h-align-items-center h-border-tb h-ptb-15\" target=\"_blank\" rel=\"noopener\">A\u00a0LIRE\u00a0Paris : un homme monte sur l\u2019autel du Sacr\u00e9-C\u0153ur en criant \u00ab Allah Akbar \u00bb \u00e0 Montmartre<\/a><\/p>\n<p data-start=\"672\" data-end=\"1113\">Il en a assez. Il a d\u00e9cid\u00e9 de mettre son appartement en vente apr\u00e8s que les rues du quartier ont \u00e9t\u00e9 transform\u00e9es en zones pi\u00e9tonnes pour g\u00e9rer l\u2019afflux croissant de visiteurs. \u00ab\u202fJe me suis dit que je n\u2019avais pas d\u2019autre choix que de partir, car, comme je suis handicap\u00e9, c\u2019est encore plus compliqu\u00e9 quand vous ne pouvez plus prendre votre voiture, quand vous devez appeler un taxi du matin au soir\u202f\u00bb, a-t-il confi\u00e9 \u00e0 l\u2019Associated Press.<\/p>\n<p data-start=\"1115\" data-end=\"1583\">Au sommet de la colline, l\u00e0 o\u00f9 la basilique du Sacr\u00e9-C\u0153ur domine l\u2019horizon parisien, les habitants regrettent ce qu\u2019ils appellent la \u00ab\u202fdisneyfication\u202f\u00bb de ce quartier autrefois boh\u00e8me. La basilique annonce d\u00e9sormais accueillir jusqu\u2019\u00e0 11 000 000 de visiteurs par an, d\u00e9passant m\u00eame la fr\u00e9quentation de la tour Eiffel, tandis que le quotidien du quartier est rythm\u00e9 par les tuk\u2011tuks, les groupes de touristes, les files pour les photos et les locations temporaires.<\/p>\n<p>Un ph\u00e9nom\u00e8ne continental<a href=\"https:\/\/www.valeursactuelles.com\/clubvaleurs\/societe\/paris-les-habitants-de-montmartre-meprises-par-anne-hidalgo\" class=\"h-flex h-align-items-center h-border-tb h-ptb-15\" target=\"_blank\" rel=\"noopener\">A\u00a0LIRE\u00a0Paris : Les habitants de Montmartre \u00ab\u00a0m\u00e9pris\u00e9s par Anne Hidalgo\u00a0\u00bb<\/a><\/p>\n<p data-start=\"1615\" data-end=\"2078\">\u00c0 travers l\u2019Europe, de Venise \u00e0 Barcelone, en passant par Amsterdam, les villes peinent \u00e0 absorber le flot constant de touristes. \u00c0 Paris, dans l\u2019un des quartiers les plus fr\u00e9quent\u00e9s, certains habitants se mobilisent. \u00c0 <a href=\"https:\/\/www.valeursactuelles.com\/clubvaleurs\/societe\/paris-les-habitants-de-montmartre-en-colere-face-au-nouveau-projet-danne-hidalgo\" target=\"_blank\" rel=\"noopener\">Montmartre<\/a>, une banderole noire suspendue entre deux balcons porte, en anglais, \u00ab\u202fDerri\u00e8re la carte postale : des habitants maltrait\u00e9s par le maire\u202f\u00bb, tandis qu\u2019une autre, en fran\u00e7ais, affirme : \u00ab\u202fLes habitants de Montmartre r\u00e9sistent\u202f\u00bb.<\/p>\n<p data-start=\"2080\" data-end=\"2775\">Paris, qui compte un peu plus de 2 000 000 d\u2019habitants et bien plus si l\u2019on inclut sa vaste banlieue, a accueilli 48 700 000 touristes en 2024, soit une hausse de 2 % par rapport \u00e0 l\u2019ann\u00e9e pr\u00e9c\u00e9dente. Le quartier de <a href=\"https:\/\/www.valeursactuelles.com\/clubvaleurs\/societe\/la-presence-du-sacre-coeur-a-montmartre-est-une-insulte-a-la-memoire-des-communards-estime-le-politologue-thomas-guenole\" target=\"_blank\" rel=\"noopener\">Montmartre<\/a> et ses environs se sont transform\u00e9s en ce que certains r\u00e9sidents qualifient de parc d\u2019attractions \u00e0 ciel ouvert. Les commerces de proximit\u00e9, comme les boucheries, boulangeries et \u00e9piceries, disparaissent progressivement, remplac\u00e9s par des stands de glaces, des boutiques de th\u00e9 \u00e0 bulles et des points de vente de souvenirs. Pour tenter de limiter ces d\u00e9sagr\u00e9ments, la ville a renforc\u00e9 les contr\u00f4les sur les locations de courte dur\u00e9e et les propri\u00e9t\u00e9s non autoris\u00e9es.<\/p>\n","protected":false},"excerpt":{"rendered":"Soci\u00e9t\u00e9 En 2024, Paris a re\u00e7u 48 700 000 touristes, et de nombreux Parisiens jugent que cette affluence&hellip;\n","protected":false},"author":2,"featured_media":341212,"comment_status":"","ping_status":"","sticky":false,"template":"","format":"standard","meta":{"footnotes":""},"categories":[1888],"tags":[11,4511,520,1777,674,1011,27,4021,7661,12,626,25,602],"class_list":{"0":"post-341211","1":"post","2":"type-post","3":"status-publish","4":"format-standard","5":"has-post-thumbnail","7":"category-paris","8":"tag-actualites","9":"tag-danger","10":"tag-disney","11":"tag-eu","12":"tag-europe","13":"tag-fr","14":"tag-france","15":"tag-habitants","16":"tag-montmartre","17":"tag-news","18":"tag-paris","19":"tag-republique-francaise","20":"tag-tourisme"},"share_on_mastodon":{"url":"https:\/\/pubeurope.com\/@fr\/115085275592813721","error":""},"_links":{"self":[{"href":"https:\/\/www.europesays.com\/fr\/wp-json\/wp\/v2\/posts\/341211","targetHints":{"allow":["GET"]}}],"collection":[{"href":"https:\/\/www.europesays.com\/fr\/wp-json\/wp\/v2\/posts"}],"about":[{"href":"https:\/\/www.europesays.com\/fr\/wp-json\/wp\/v2\/types\/post"}],"author":[{"embeddable":true,"href":"https:\/\/www.europesays.com\/fr\/wp-json\/wp\/v2\/users\/2"}],"replies":[{"embeddable":true,"href":"https:\/\/www.europesays.com\/fr\/wp-json\/wp\/v2\/comments?post=341211"}],"version-history":[{"count":0,"href":"https:\/\/www.europesays.com\/fr\/wp-json\/wp\/v2\/posts\/341211\/revisions"}],"wp:featuredmedia":[{"embeddable":true,"href":"https:\/\/www.europesays.com\/fr\/wp-json\/wp\/v2\/media\/341212"}],"wp:attachment":[{"href":"https:\/\/www.europesays.com\/fr\/wp-json\/wp\/v2\/media?parent=341211"}],"wp:term":[{"taxonomy":"category","embeddable":true,"href":"https:\/\/www.europesays.com\/fr\/wp-json\/wp\/v2\/categories?post=341211"},{"taxonomy":"post_tag","embeddable":true,"href":"https:\/\/www.europesays.com\/fr\/wp-json\/wp\/v2\/tags?post=341211"}],"curies":[{"name":"wp","href":"https:\/\/api.w.org\/{rel}","templated":true}]}}