{"id":341213,"date":"2025-08-24T18:58:14","date_gmt":"2025-08-24T18:58:14","guid":{"rendered":"https:\/\/www.europesays.com\/fr\/341213\/"},"modified":"2025-08-24T18:58:14","modified_gmt":"2025-08-24T18:58:14","slug":"legislative-partielle-a-paris-la-rivalite-entre-rachida-dati-et-michel-barnier-met-lr-sens-dessus-dessous","status":"publish","type":"post","link":"https:\/\/www.europesays.com\/fr\/341213\/","title":{"rendered":"L\u00e9gislative partielle \u00e0 Paris\u00a0: la rivalit\u00e9 entre Rachida Dati et Michel Barnier met LR sens dessus dessous"},"content":{"rendered":"<p class=\"paragraph text_align_left lp-f-body-02\">La tr\u00eave estivale s\u2019\u00e9tait charg\u00e9e, fin juillet, de recouvrir la hache de guerre de sable chaud. Et c\u2019est <a href=\"https:\/\/www.leparisien.fr\/elections\/legislatives\/election-legislative-partielle-a-paris-rachida-dati-maintient-sa-candidature-face-a-un-michel-barnier-instrumentalise-23-08-2025-XUEHDHJAORG3JL4J4SEANNMIUY.php\" target=\"_blank\" rel=\"noreferrer nofollow noopener\">Rachida Dati<\/a> qui l\u2019a d\u00e9terr\u00e9e ce dimanche d\u2019un coup sec, afin de rappeler que le conflit qui l\u2019oppose \u00e0 son parti, <a href=\"https:\/\/www.leparisien.fr\/politique\/lr\/\" target=\"_blank\" rel=\"noreferrer nofollow noopener\">Les R\u00e9publicains,<\/a> ne s\u2019\u00e9tait pas \u00e9vanoui dans l\u2019\u00e9t\u00e9.<\/p>\n<p class=\"paragraph text_align_left lp-f-body-02\">Rappel des \u00e9pisodes pr\u00e9c\u00e9dents. LR a investi fin juillet l\u2019ancien Premier ministre Michel Barnier dans la l\u00e9gislative partielle qui doit se tenir fin septembre (les 21 et 28) dans la 2e circonscription de Paris, qui recoupe une partie du VIIe arrondissement dont la ministre de la Culture est toujours maire.<\/p>\n","protected":false},"excerpt":{"rendered":"La tr\u00eave estivale s\u2019\u00e9tait charg\u00e9e, fin juillet, de recouvrir la hache de guerre de sable chaud. Et c\u2019est&hellip;\n","protected":false},"author":2,"featured_media":341214,"comment_status":"","ping_status":"","sticky":false,"template":"","format":"standard","meta":{"footnotes":""},"categories":[1888],"tags":[11,5949,1777,674,1011,27,39201,12,626,316,25],"class_list":{"0":"post-341213","1":"post","2":"type-post","3":"status-publish","4":"format-standard","5":"has-post-thumbnail","7":"category-paris","8":"tag-actualites","9":"tag-elections","10":"tag-eu","11":"tag-europe","12":"tag-fr","13":"tag-france","14":"tag-legislatives","15":"tag-news","16":"tag-paris","17":"tag-politique","18":"tag-republique-francaise"},"share_on_mastodon":{"url":"https:\/\/pubeurope.com\/@fr\/115085279472124387","error":""},"_links":{"self":[{"href":"https:\/\/www.europesays.com\/fr\/wp-json\/wp\/v2\/posts\/341213","targetHints":{"allow":["GET"]}}],"collection":[{"href":"https:\/\/www.europesays.com\/fr\/wp-json\/wp\/v2\/posts"}],"about":[{"href":"https:\/\/www.europesays.com\/fr\/wp-json\/wp\/v2\/types\/post"}],"author":[{"embeddable":true,"href":"https:\/\/www.europesays.com\/fr\/wp-json\/wp\/v2\/users\/2"}],"replies":[{"embeddable":true,"href":"https:\/\/www.europesays.com\/fr\/wp-json\/wp\/v2\/comments?post=341213"}],"version-history":[{"count":0,"href":"https:\/\/www.europesays.com\/fr\/wp-json\/wp\/v2\/posts\/341213\/revisions"}],"wp:featuredmedia":[{"embeddable":true,"href":"https:\/\/www.europesays.com\/fr\/wp-json\/wp\/v2\/media\/341214"}],"wp:attachment":[{"href":"https:\/\/www.europesays.com\/fr\/wp-json\/wp\/v2\/media?parent=341213"}],"wp:term":[{"taxonomy":"category","embeddable":true,"href":"https:\/\/www.europesays.com\/fr\/wp-json\/wp\/v2\/categories?post=341213"},{"taxonomy":"post_tag","embeddable":true,"href":"https:\/\/www.europesays.com\/fr\/wp-json\/wp\/v2\/tags?post=341213"}],"curies":[{"name":"wp","href":"https:\/\/api.w.org\/{rel}","templated":true}]}}