{"id":341215,"date":"2025-08-24T18:59:16","date_gmt":"2025-08-24T18:59:16","guid":{"rendered":"https:\/\/www.europesays.com\/fr\/341215\/"},"modified":"2025-08-24T18:59:16","modified_gmt":"2025-08-24T18:59:16","slug":"ukraine-la-russie-a-fait-d-importantes-concessions-a-trump-affirme-j-d-vance","status":"publish","type":"post","link":"https:\/\/www.europesays.com\/fr\/341215\/","title":{"rendered":"Ukraine\u00a0: la Russie a fait d\u2019\u00ab\u00a0importantes concessions\u00a0\u00bb \u00e0 Trump, affirme J.D.\u00a0Vance"},"content":{"rendered":"<p class=\"sc-jbo7hw-7 bDkRIk\">Le vice-pr\u00e9sident am\u00e9ricain, J.D.\u00a0Vance, a affirm\u00e9 que Moscou avait fait d&rsquo;\u00ab\u00a0importantes concessions\u00a0\u00bb sur l&rsquo;Ukraine \u00e0 Donald Trump depuis le sommet du 15\u00a0ao\u00fbt en Alaska.<\/p>\n<p class=\"sc-jbo7hw-7 bDkRIk\">Mais l&rsquo;opposition d\u00e9mocrate a jug\u00e9 au contraire que le pr\u00e9sident russe baladait son homologue am\u00e9ricain et qu&rsquo;il repr\u00e9sentait le principal obstacle \u00e0 un \u00e9ventuel accord de paix pour mettre fin \u00e0 la guerre en Ukraine.<\/p>\n<p class=\"sc-jbo7hw-7 bDkRIk\">Selon M. Vance, qui s&rsquo;exprimait dans une interview diffus\u00e9e dimanche par la cha\u00eene NBC, les Russes ont fait des concessions importantes au pr\u00e9sident Trump, pour la premi\u00e8re fois en trois ans et demi de conflit. Ils veulent en fait \u00eatre flexibles sur certaines de leurs exigences fondamentales.<\/p>\n<p class=\"sc-jbo7hw-7 bDkRIk\">Ils ont reconnu qu&rsquo;ils ne pourraient pas installer un r\u00e9gime fantoche \u00e0 Kiev. C&rsquo;\u00e9tait bien s\u00fbr une exigence majeure au d\u00e9but. Et surtout, ils ont reconnu qu&rsquo;il y aurait une certaine garantie de s\u00e9curit\u00e9 pour l&rsquo;int\u00e9grit\u00e9 territoriale de l&rsquo;Ukraine, a-t-il ajout\u00e9.<\/p>\n<p class=\"sc-jbo7hw-7 bDkRIk\">L&rsquo;\u00e9missaire am\u00e9ricain pour l&rsquo;Ukraine, Keith Kellogg, est \u00e0 Kiev, ainsi que <a tabindex=\"0\" class=\"border-b border-solid transition-colors text-blue600 hover:text-blue600 light:text-blue600 light:hover:text-blue600 dark:text-blue400 dark:hover:text-blue400 border-gray900\/25 light:border-gray900\/25 dark:border-gray100\/25 hover:border-blue600 light:hover:border-blue600 dark:hover:border-blue400 hover:bg-gray999\/10 light:hover:bg-gray999\/10 dark:hover:bg-gray0\/10\" href=\"https:\/\/ici.radio-canada.ca\/nouvelle\/2187729\/mark-carney-visite-kiev-zelensky\" rel=\"nofollow noopener\" target=\"_blank\">le premier ministre canadien, Mark Carney<\/a>, tous deux aux c\u00f4t\u00e9s du pr\u00e9sident ukrainien, Volodymyr Zelensky, \u00e0 l&rsquo;occasion du 34e\u00a0anniversaire de l&rsquo;ind\u00e9pendance de son pays, au moment o\u00f9 les efforts diplomatiques pour sortir du conflit semblent s&rsquo;enliser.<\/p>\n<p class=\"sc-jbo7hw-7 bDkRIk\">Au contraire, d&rsquo;apr\u00e8s le vice-pr\u00e9sident Vance, la Russie discute de ce qu&rsquo;il serait n\u00e9cessaire de faire pour mettre fin \u00e0 la guerre.<\/p>\n<blockquote class=\"sc-ym8j07-0 kJvxpW text-gray700 light:text-gray700 dark:text-gray200\">\n<p class=\"sc-ym8j07-1 jhkebe !font-display text-6 leading-5 xsToSm:text-5 font-bold text-gray700 light:text-gray700 dark:text-gray200 font-medium\">Bien s\u00fbr, ils n&rsquo;y sont pas encore compl\u00e8tement parvenus et la guerre n&rsquo;est pas termin\u00e9e, mais nous sommes impliqu\u00e9s dans un processus diplomatique de bonne foi.<\/p>\n<p>Une citation de J.D.\u00a0Vance, vice-pr\u00e9sident des \u00c9tats-Unis<\/p><\/blockquote>\n<p class=\"sc-jbo7hw-7 bDkRIk\">Le dirigeant r\u00e9publicain a m\u00eame affirm\u00e9 que la premi\u00e8re puissance mondiale, dont le pr\u00e9sident Trump s&rsquo;est spectaculairement rapproch\u00e9 de Vladimir Poutine, tentait de n\u00e9gocier autant qu'[elle] le [peut] avec les Russes et les Ukrainiens pour trouver un terrain d&rsquo;entente et arr\u00eater la tuerie.<\/p>\n<p class=\"sc-jbo7hw-7 bDkRIk\">M. Vance a encore d\u00e9fendu M.\u00a0Trump qui essaie de s&rsquo;engager dans une diplomatie tr\u00e8s agressive, tr\u00e8s \u00e9nergique.<\/p>\n<p class=\"sc-jbo7hw-7 bDkRIk\">La guerre n&rsquo;est dans l&rsquo;int\u00e9r\u00eat de personne. Ni dans l&rsquo;int\u00e9r\u00eat de l&rsquo;Europe, ni des \u00c9tats-Unis et nous ne pensons pas que la Russie ou l&rsquo;Ukraine ont int\u00e9r\u00eat \u00e0 continuer \u00e0 se battre, a-t-il conclu.<\/p>\n<p class=\"sc-jbo7hw-7 bDkRIk\">Malgr\u00e9 les efforts de m\u00e9diation lanc\u00e9s par M.\u00a0Trump \u2013\u00a0lors du sommet d&rsquo;Anchorage avec M.\u00a0Poutine et de l&rsquo;accueil le 18\u00a0ao\u00fbt \u00e0 la Maison-Blanche de M.\u00a0Zelensky et de ses alli\u00e9s europ\u00e9ens \u2013 les positions de Moscou et de Kiev semblent irr\u00e9conciliables.<\/p>\n<p><img decoding=\"async\" alt=\"Trump et Poutine se serrent la main sur le tarmac.\" class=\"absolute left-0 top-0 size-full object-cover transition-opacity ease-out print:relative html-dark:brightness-[.8]\" loading=\"lazy\" src=\"https:\/\/www.europesays.com\/fr\/wp-content\/uploads\/2025\/08\/sommet-alaska-vladimir-poutine-donald-trump-poignee-de-main.jpg\"\/>Ouvrir en mode plein \u00e9cran<\/p>\n<p class=\"sc-ic6be9-2 kYrgAK\">Le pr\u00e9sident Donald Trump et son homologue russe Vladimir Poutine ont \u00e9chang\u00e9 plusieurs poign\u00e9es de main au sommet \u00e0 Anchorage, en Alaska, le 15 ao\u00fbt 2025.<\/p>\n<p class=\"sc-ic6be9-1 cJJtvJ text-gray600 light:text-gray600 dark:text-gray400\">Photo : Getty Images \/ GAVRIIL GRIGOROV<\/p>\n<p class=\"sc-jbo7hw-7 bDkRIk\">Les deux pays en guerre s&rsquo;accusent de bloquer l&rsquo;organisation d&rsquo;une \u00e9ventuelle rencontre entre leurs pr\u00e9sidents.<\/p>\n<p>\u00ab\u00a0Menteur chevronn\u00e9\u00a0\u00bb<\/p>\n<p class=\"sc-jbo7hw-7 bDkRIk\">Ainsi, le chef de la diplomatie russe, Sergue\u00ef Lavrov, a accus\u00e9 dimanche sur la t\u00e9l\u00e9vision publique russe Rossia les pays occidentaux de chercher \u00e0 emp\u00eacher des pourparlers pour mettre fin au conflit.<\/p>\n<p class=\"sc-jbo7hw-7 bDkRIk\">Il a r\u00e9affirm\u00e9 aussi sur NBC que le pr\u00e9sident Poutine voul[ait] la paix et respect[ait] le pr\u00e9sident Trump, car il d\u00e9fend les int\u00e9r\u00eats nationaux am\u00e9ricains.<\/p>\n<p class=\"sc-jbo7hw-7 bDkRIk\">Mais pour l&rsquo;un des opposants au r\u00e9publicain Donald Trump, le s\u00e9nateur d\u00e9mocrate de la Californie, Adam Schiff, M.\u00a0Lavrov est un menteur chevronn\u00e9 et les Russes baladent le pr\u00e9sident des \u00c9tats-Unis.<\/p>\n<p class=\"sc-jbo7hw-7 bDkRIk\">Interrog\u00e9, \u00e9galement par NBC, sur le processus de paix en Ukraine, M.\u00a0Schiff a d\u00e9plor\u00e9 qu&rsquo;il soit bloqu\u00e9.<\/p>\n<p class=\"sc-jbo7hw-7 bDkRIk\">L&rsquo;ancien directeur de la CIA, le g\u00e9n\u00e9ral \u00e0 la retraite David Petraeus, qui a servi sous le premier mandat de Barack Obama, est du m\u00eame avis\u00a0: L&rsquo;obstacle \u00e0 la paix en ce moment, c&rsquo;est le pr\u00e9sident Poutine, a-t-il affirm\u00e9 sur la cha\u00eene de t\u00e9l\u00e9vision ABC.<\/p>\n<p class=\"sc-jbo7hw-7 bDkRIk\">Avec des informations de Reuters<\/p>\n","protected":false},"excerpt":{"rendered":"Le vice-pr\u00e9sident am\u00e9ricain, J.D.\u00a0Vance, a affirm\u00e9 que Moscou avait fait d&rsquo;\u00ab\u00a0importantes concessions\u00a0\u00bb sur l&rsquo;Ukraine \u00e0 Donald Trump depuis&hellip;\n","protected":false},"author":2,"featured_media":341216,"comment_status":"","ping_status":"","sticky":false,"template":"","format":"standard","meta":{"footnotes":""},"categories":[1591],"tags":[11,1887,12,1885,1886,132],"class_list":{"0":"post-341215","1":"post","2":"type-post","3":"status-publish","4":"format-standard","5":"has-post-thumbnail","7":"category-russie","8":"tag-actualites","9":"tag-federation-de-russie","10":"tag-news","11":"tag-russia","12":"tag-russian-federation","13":"tag-russie"},"share_on_mastodon":{"url":"https:\/\/pubeurope.com\/@fr\/115085283532112986","error":""},"_links":{"self":[{"href":"https:\/\/www.europesays.com\/fr\/wp-json\/wp\/v2\/posts\/341215","targetHints":{"allow":["GET"]}}],"collection":[{"href":"https:\/\/www.europesays.com\/fr\/wp-json\/wp\/v2\/posts"}],"about":[{"href":"https:\/\/www.europesays.com\/fr\/wp-json\/wp\/v2\/types\/post"}],"author":[{"embeddable":true,"href":"https:\/\/www.europesays.com\/fr\/wp-json\/wp\/v2\/users\/2"}],"replies":[{"embeddable":true,"href":"https:\/\/www.europesays.com\/fr\/wp-json\/wp\/v2\/comments?post=341215"}],"version-history":[{"count":0,"href":"https:\/\/www.europesays.com\/fr\/wp-json\/wp\/v2\/posts\/341215\/revisions"}],"wp:featuredmedia":[{"embeddable":true,"href":"https:\/\/www.europesays.com\/fr\/wp-json\/wp\/v2\/media\/341216"}],"wp:attachment":[{"href":"https:\/\/www.europesays.com\/fr\/wp-json\/wp\/v2\/media?parent=341215"}],"wp:term":[{"taxonomy":"category","embeddable":true,"href":"https:\/\/www.europesays.com\/fr\/wp-json\/wp\/v2\/categories?post=341215"},{"taxonomy":"post_tag","embeddable":true,"href":"https:\/\/www.europesays.com\/fr\/wp-json\/wp\/v2\/tags?post=341215"}],"curies":[{"name":"wp","href":"https:\/\/api.w.org\/{rel}","templated":true}]}}