{"id":341217,"date":"2025-08-24T19:00:10","date_gmt":"2025-08-24T19:00:10","guid":{"rendered":"https:\/\/www.europesays.com\/fr\/341217\/"},"modified":"2025-08-24T19:00:10","modified_gmt":"2025-08-24T19:00:10","slug":"guerre-en-ukraine-kiev-et-moscou-echangent-292-prisonniers","status":"publish","type":"post","link":"https:\/\/www.europesays.com\/fr\/341217\/","title":{"rendered":"Guerre en Ukraine\u00a0: Kiev et Moscou \u00e9changent 292 prisonniers"},"content":{"rendered":"<p class=\"paragraph text_align_left lp-f-body-02\">Au 1278e jour de la <a href=\"https:\/\/www.leparisien.fr\/international\/ukraine\/\" target=\"_self\" rel=\"nofollow noopener\">guerre<\/a>, jour de la F\u00eate de l\u2019Ind\u00e9pendance en Ukraine, la Russie et l\u2019Ukraine ont \u00e9chang\u00e9 dimanche 146 prisonniers de guerre de chaque camp, a annonc\u00e9 le minist\u00e8re russe de la D\u00e9fense dans un communiqu\u00e9.<\/p>\n<p class=\"paragraph text_align_left lp-f-body-02\">\u00ab Le 24 ao\u00fbt, 146 militaires russes sont revenus du territoire contr\u00f4l\u00e9 par le r\u00e9gime de Kiev \u00bb, a indiqu\u00e9 le minist\u00e8re sur Telegram, en pr\u00e9cisant que \u00ab 146 prisonniers de guerre ukrainiens ont \u00e9t\u00e9 remis en \u00e9change \u00bb. Ce sont donc 292 prisonniers qui ont \u00e9t\u00e9 \u00e9chang\u00e9s.<\/p>\n<p class=\"paragraph text_align_left lp-f-body-02\">\u00ab En outre, huit citoyens de la F\u00e9d\u00e9ration de Russie \u2014 r\u00e9sidents de la <a href=\"https:\/\/www.leparisien.fr\/international\/ukraine\/guerre-en-ukraine-kiev-attaque-des-installations-energetiques-russes-avant-sa-fete-nationale-24-08-2025-ZRHU54ICCFHVBJEBKN25352CAY.php\" target=\"_self\" rel=\"nofollow noopener\">r\u00e9gion de Koursk<\/a>, d\u00e9tenus ill\u00e9galement par le r\u00e9gime de Kiev, ont \u00e9t\u00e9 renvoy\u00e9s et seront ramen\u00e9s chez eux \u00bb, ajoute le communiqu\u00e9. Selon la Commissaire aux droits de l\u2019homme de la F\u00e9d\u00e9ration de Russie, Tatiana Moskalkova, ils \u00e9taient d\u00e9tenus \u00e0 Soumy depuis f\u00e9vrier. Sur sa cha\u00eene <a href=\"https:\/\/t.me\/ombudsmanrf\/7303\" target=\"_self\" rel=\"nofollow\">Telegram<\/a>, elle a publi\u00e9 une courte vid\u00e9o dans laquelle on la voit monter dans un minibus pour saluer plusieurs personnes dont deux semblent \u00e2g\u00e9es.<\/p>\n<p class=\"paragraph text_align_left lp-f-body-02\">Les anciens prisonniers se trouvent en Bi\u00e9lorussie, o\u00f9 ils re\u00e7oivent l\u2019assistance psychologique et m\u00e9dicale n\u00e9cessaire, avec la m\u00e9diation humanitaire des \u00c9mirats arabes unis, remercie le minist\u00e8re. Ils seront ensuite conduits en Russie, pour \u00eatre \u00e9ventuellement soign\u00e9s dans des \u00e9tablissements de sant\u00e9 militaires.<\/p>\n<p class=\"paragraph text_align_left lp-f-body-02\">Parmi les Ukrainiens lib\u00e9r\u00e9s dimanche figurent \u00ab deux journalistes ukrainiens, Dmytro Khyliouk et Mark Kaliouch \u00bb, a indiqu\u00e9 le QG de coordination ukrainien pour le traitement des prisonniers de guerre dans un communiqu\u00e9 publi\u00e9 sur Telegram. \u00ab Ils ont \u00e9t\u00e9 d\u00e9tenus ill\u00e9galement par les occupants en 2022 et 2023 \u00bb, ajoute le communiqu\u00e9.<\/p>\n<p class=\"paragraph text_align_left lp-f-body-02\">Pour le moment, ni les autorit\u00e9s ukrainiennes ni les m\u00e9dias ne confirment l\u2019\u00e9change mais ces lib\u00e9rations r\u00e9ciproques se produisent r\u00e9guli\u00e8rement entre Kiev et Moscou. Le 14 ao\u00fbt dernier, <a href=\"https:\/\/www.leparisien.fr\/international\/ukraine\/russie-ukraine-84-prisonniers-echanges-a-la-veille-dun-sommet-poutine-trump-14-08-2025-PSD7IED7LVADHEDPMH62PLC4P4.php\" target=\"_self\" rel=\"nofollow noopener\">168 soldats avaient \u00e9t\u00e9 rel\u00e2ch\u00e9s<\/a> de part et d\u2019autre de la fronti\u00e8re, \u00e0 la veille de la <a href=\"https:\/\/www.leparisien.fr\/international\/ukraine\/sommet-trump-poutine-pour-lukraine-heure-deroulement-ce-que-lon-sait-de-ce-rendez-vous-en-alaska-14-08-2025-HFTZLFM4TRDQHGL6SXWL3AYREM.php\" target=\"_self\" rel=\"nofollow noopener\">rencontre de Vladimir Poutine et de Donald Trump<\/a> en Alaska.<\/p>\n","protected":false},"excerpt":{"rendered":"Au 1278e jour de la guerre, jour de la F\u00eate de l\u2019Ind\u00e9pendance en Ukraine, la Russie et l\u2019Ukraine&hellip;\n","protected":false},"author":2,"featured_media":341218,"comment_status":"","ping_status":"","sticky":false,"template":"","format":"standard","meta":{"footnotes":""},"categories":[1590],"tags":[11,1777,674,14,12,220],"class_list":{"0":"post-341217","1":"post","2":"type-post","3":"status-publish","4":"format-standard","5":"has-post-thumbnail","7":"category-ukraine","8":"tag-actualites","9":"tag-eu","10":"tag-europe","11":"tag-international","12":"tag-news","13":"tag-ukraine"},"share_on_mastodon":{"url":"https:\/\/pubeurope.com\/@fr\/115085287322607109","error":""},"_links":{"self":[{"href":"https:\/\/www.europesays.com\/fr\/wp-json\/wp\/v2\/posts\/341217","targetHints":{"allow":["GET"]}}],"collection":[{"href":"https:\/\/www.europesays.com\/fr\/wp-json\/wp\/v2\/posts"}],"about":[{"href":"https:\/\/www.europesays.com\/fr\/wp-json\/wp\/v2\/types\/post"}],"author":[{"embeddable":true,"href":"https:\/\/www.europesays.com\/fr\/wp-json\/wp\/v2\/users\/2"}],"replies":[{"embeddable":true,"href":"https:\/\/www.europesays.com\/fr\/wp-json\/wp\/v2\/comments?post=341217"}],"version-history":[{"count":0,"href":"https:\/\/www.europesays.com\/fr\/wp-json\/wp\/v2\/posts\/341217\/revisions"}],"wp:featuredmedia":[{"embeddable":true,"href":"https:\/\/www.europesays.com\/fr\/wp-json\/wp\/v2\/media\/341218"}],"wp:attachment":[{"href":"https:\/\/www.europesays.com\/fr\/wp-json\/wp\/v2\/media?parent=341217"}],"wp:term":[{"taxonomy":"category","embeddable":true,"href":"https:\/\/www.europesays.com\/fr\/wp-json\/wp\/v2\/categories?post=341217"},{"taxonomy":"post_tag","embeddable":true,"href":"https:\/\/www.europesays.com\/fr\/wp-json\/wp\/v2\/tags?post=341217"}],"curies":[{"name":"wp","href":"https:\/\/api.w.org\/{rel}","templated":true}]}}