{"id":34122,"date":"2025-04-18T13:08:11","date_gmt":"2025-04-18T13:08:11","guid":{"rendered":"https:\/\/www.europesays.com\/fr\/34122\/"},"modified":"2025-04-18T13:08:11","modified_gmt":"2025-04-18T13:08:11","slug":"lyon-une-conference-sur-la-question-palestinienne-interrompue-a-lens-letablissement-porte-plainte","status":"publish","type":"post","link":"https:\/\/www.europesays.com\/fr\/34122\/","title":{"rendered":"Lyon. Une conf\u00e9rence sur la question palestinienne interrompue \u00e0 l&rsquo;ENS, l&rsquo;\u00e9tablissement porte plainte"},"content":{"rendered":"<p>L\u2019\u00c9cole normale sup\u00e9rieure (ENS) de Lyon a port\u00e9 plainte apr\u00e8s qu\u2019une vingtaine de personnes ont perturb\u00e9 une conf\u00e9rence d\u2019une association la\u00efque juive se r\u00e9clamant antisioniste, organis\u00e9e en son sein, a-t-elle indiqu\u00e9 vendredi \u00e0 l\u2019AFP. Mardi, \u00ab un expos\u00e9 organis\u00e9 par une association \u00e9tudiante de l\u2019\u00e9cole, et portant sur l\u2019histoire des territoires palestiniens \u00bb avait \u00e9t\u00e9 \u00ab autoris\u00e9 \u00bb par l\u2019\u00e9tablissement, \u00ab soucieux de garantir \u00e0 ses \u00e9tudiants [\u2026] la libert\u00e9 d\u2019expression \u00bb, a pr\u00e9cis\u00e9 l\u2019ENS dans un communiqu\u00e9.<\/p>\n<p>  Des personnes ext\u00e9rieures \u00e0 l\u2019\u00e9tablissement<\/p>\n<p>\u00ab Une vingtaine de personnes, toutes ext\u00e9rieures \u00e0 l\u2019\u00e9tablissement, est venue avec le dessein d\u2019emp\u00eacher le bon d\u00e9roulement de l\u2019expos\u00e9. Des insultes et des propos injurieux ont \u00e9t\u00e9 prof\u00e9r\u00e9s \u00bb, poursuit l\u2019\u00e9tablissement qui parle de \u00ab violences verbales mais pas physiques \u00bb. La plainte a \u00e9t\u00e9 d\u00e9pos\u00e9e jeudi 17 avril au soir pour \u00ab intrusion non autoris\u00e9e et actes d\u2019intimidation \u00bb, a pr\u00e9cis\u00e9 l\u2019ENS, laquelle \u00ab condamne fermement de tels agissements, qui rel\u00e8vent de l\u2019intimidation \u00bb et \u00ab r\u00e9affirme son attachement au d\u00e9bat \u00bb.<\/p>\n<p>Le conf\u00e9rencier \u00e9tait Pierre Stambul, auteur d\u2019essais et porte-parole de l\u2019Union juive fran\u00e7aise pour la paix (UJFP), qui se pr\u00e9sente comme une \u00ab association juive la\u00efque \u00bb r\u00e9unissant des \u00ab Juifs et Juives antisionistes \u00bb militant notamment pour l\u2018\u00ab autod\u00e9termination du peuple palestinien \u00bb et le \u00ab vivre ensemble au Proche-Orient \u00bb.<\/p>\n<p>  Des \u00e9tudiants et participants \u00ab violemment pris \u00e0 partie \u00bb<\/p>\n<p>Les personnes qui se sont introduites n\u2019ont pas \u00e9t\u00e9 identifi\u00e9es ni n\u2019ont revendiqu\u00e9 leur action. La CGT des \u00e9tablissements d\u2019Enseignement Sup\u00e9rieur et de Recherche a d\u00e9nonc\u00e9 dans un communiqu\u00e9 l\u2019action d\u2019un \u00ab commando de plusieurs personnes dont certaines portaient un masque \u00bb.<\/p>\n<p>Elles ont \u00ab violemment pris \u00e0 partie \u00bb des \u00e9tudiants et participants et ont \u00ab prof\u00e9r\u00e9 des menaces \u00bb lors de cette \u00ab conf\u00e9rence \u00bb intitul\u00e9e \u00ab\u00a0L\u2019histoire de la Palestine et du projet sioniste du XIXe si\u00e8cle \u00e0 nos jours\u00a0\u00bb, pr\u00e9cise le communiqu\u00e9.<\/p>\n<p>Le collectif des associations engag\u00e9es de l\u2019ENS Lyon, qui organisait la conf\u00e9rence, a relev\u00e9 des \u00ab menaces de mort \u00bb contre l\u2019orateur et d\u2019\u00ab innombrables injures racistes et islamophobes \u00bb, et regrette dans un communiqu\u00e9 que ces \u00ab\u00a0intimidations \u00bb aient emp\u00each\u00e9 la tenue d\u2019une s\u00e9ance de questions-r\u00e9ponses avec l\u2019orateur.<\/p>\n","protected":false},"excerpt":{"rendered":"L\u2019\u00c9cole normale sup\u00e9rieure (ENS) de Lyon a port\u00e9 plainte apr\u00e8s qu\u2019une vingtaine de personnes ont perturb\u00e9 une conf\u00e9rence&hellip;\n","protected":false},"author":2,"featured_media":34123,"comment_status":"","ping_status":"","sticky":false,"template":"","format":"standard","meta":{"footnotes":""},"categories":[1889],"tags":[1111,11,2430,2757,1057,4854,1777,674,274,107,1011,27,2428,2756,12,25,2429],"class_list":{"0":"post-34122","1":"post","2":"type-post","3":"status-publish","4":"format-standard","5":"has-post-thumbnail","7":"category-lyon","8":"tag-actu","9":"tag-actualites","10":"tag-auvergne-rhone-alpes","11":"tag-edition-lyon-villeurbanne","12":"tag-education","13":"tag-enseignement-superieur","14":"tag-eu","15":"tag-europe","16":"tag-faits-divers-justice","17":"tag-fil-info","18":"tag-fr","19":"tag-france","20":"tag-lyon","21":"tag-lyon-bassin","22":"tag-news","23":"tag-republique-francaise","24":"tag-rhone"},"share_on_mastodon":{"url":"https:\/\/pubeurope.com\/@fr\/114359127597476514","error":""},"_links":{"self":[{"href":"https:\/\/www.europesays.com\/fr\/wp-json\/wp\/v2\/posts\/34122","targetHints":{"allow":["GET"]}}],"collection":[{"href":"https:\/\/www.europesays.com\/fr\/wp-json\/wp\/v2\/posts"}],"about":[{"href":"https:\/\/www.europesays.com\/fr\/wp-json\/wp\/v2\/types\/post"}],"author":[{"embeddable":true,"href":"https:\/\/www.europesays.com\/fr\/wp-json\/wp\/v2\/users\/2"}],"replies":[{"embeddable":true,"href":"https:\/\/www.europesays.com\/fr\/wp-json\/wp\/v2\/comments?post=34122"}],"version-history":[{"count":0,"href":"https:\/\/www.europesays.com\/fr\/wp-json\/wp\/v2\/posts\/34122\/revisions"}],"wp:featuredmedia":[{"embeddable":true,"href":"https:\/\/www.europesays.com\/fr\/wp-json\/wp\/v2\/media\/34123"}],"wp:attachment":[{"href":"https:\/\/www.europesays.com\/fr\/wp-json\/wp\/v2\/media?parent=34122"}],"wp:term":[{"taxonomy":"category","embeddable":true,"href":"https:\/\/www.europesays.com\/fr\/wp-json\/wp\/v2\/categories?post=34122"},{"taxonomy":"post_tag","embeddable":true,"href":"https:\/\/www.europesays.com\/fr\/wp-json\/wp\/v2\/tags?post=34122"}],"curies":[{"name":"wp","href":"https:\/\/api.w.org\/{rel}","templated":true}]}}