{"id":341221,"date":"2025-08-24T19:02:14","date_gmt":"2025-08-24T19:02:14","guid":{"rendered":"https:\/\/www.europesays.com\/fr\/341221\/"},"modified":"2025-08-24T19:02:14","modified_gmt":"2025-08-24T19:02:14","slug":"en-grande-bretagne-la-xenophobie-gagne-du-terrain-sur-fond-de-manifestation-anti-refugies-et-de-montee-du-nationalisme","status":"publish","type":"post","link":"https:\/\/www.europesays.com\/fr\/341221\/","title":{"rendered":"En Grande-Bretagne, la x\u00e9nophobie gagne du terrain sur fond de manifestation anti-r\u00e9fugi\u00e9s et de mont\u00e9e du nationalisme"},"content":{"rendered":"<p>Drapeaux de \u00ab\u00a0l\u2019Union Jack\u00a0\u00bb, discours nationalistes, rassemblements anti-r\u00e9fugi\u00e9s que se passe-t-il au sein de la soci\u00e9t\u00e9 britannique\u00a0? Cet \u00e9t\u00e9 a marqu\u00e9, de l\u2019autre c\u00f4t\u00e9 de la Manche, une acc\u00e9l\u00e9ration de ce ph\u00e9nom\u00e8ne, provoquant un basculement. <\/p>\n<p>Le Royaume-Uni a connu de nouvelles protestations emmen\u00e9es par l\u2019extr\u00eame droite \u00e0 Liverpool, Newcastle, Bristol, Londres, Exeter. Sous le slogan \u00ab\u00a0Abolir le syst\u00e8me d\u2019asile\u00a0\u00bb, ce mouvement ne cesse de s\u2019\u00e9tendre avec des manifestations qui ont gagn\u00e9 Aberdeen et Perth en \u00c9cosse et Mold au Pays de Galles samedi 23\u00a0ao\u00fbt.<\/p>\n<p>Des rassemblements anti-r\u00e9fugi\u00e9s dans plus de 40 localit\u00e9s<\/p>\n<p>La cible de ces mouvements vise l\u2019utilisation des h\u00f4tels pour h\u00e9berger les demandeurs d\u2019asile. Plus de 40 localit\u00e9s ont connu de tels rassemblements avec en parall\u00e8le des discours nationalistes et anti-r\u00e9fugi\u00e9s largement repris par plusieurs personnalit\u00e9s politiques.<\/p>\n<p>Ce mouvement organis\u00e9 a d\u00e9but\u00e9 \u00e0 Epping au nord-est de Londres, d\u00e9but juillet&#8230;<\/p>\n","protected":false},"excerpt":{"rendered":"Drapeaux de \u00ab\u00a0l\u2019Union Jack\u00a0\u00bb, discours nationalistes, rassemblements anti-r\u00e9fugi\u00e9s que se passe-t-il au sein de la soci\u00e9t\u00e9 britannique\u00a0? Cet&hellip;\n","protected":false},"author":2,"featured_media":341222,"comment_status":"","ping_status":"","sticky":false,"template":"","format":"standard","meta":{"footnotes":""},"categories":[1588],"tags":[11,34267,1777,674,6429,2581,12,10669,473,1853,1851,1850,1852,47753],"class_list":{"0":"post-341221","1":"post","2":"type-post","3":"status-publish","4":"format-standard","5":"has-post-thumbnail","7":"category-royaume-uni","8":"tag-actualites","9":"tag-droit-dasile","10":"tag-eu","11":"tag-europe","12":"tag-extru00eame-droite","13":"tag-keir-starmer","14":"tag-news","15":"tag-nigel-farage","16":"tag-royaume-uni","17":"tag-royaume-uni-de-grande-bretagne-et-dirlande-du-nord","18":"tag-uk","19":"tag-united-kingdom","20":"tag-united-kingdom-of-great-britain-and-northern-ireland","21":"tag-xu00e9nophobie"},"share_on_mastodon":{"url":"https:\/\/pubeurope.com\/@fr\/115085295364914632","error":""},"_links":{"self":[{"href":"https:\/\/www.europesays.com\/fr\/wp-json\/wp\/v2\/posts\/341221","targetHints":{"allow":["GET"]}}],"collection":[{"href":"https:\/\/www.europesays.com\/fr\/wp-json\/wp\/v2\/posts"}],"about":[{"href":"https:\/\/www.europesays.com\/fr\/wp-json\/wp\/v2\/types\/post"}],"author":[{"embeddable":true,"href":"https:\/\/www.europesays.com\/fr\/wp-json\/wp\/v2\/users\/2"}],"replies":[{"embeddable":true,"href":"https:\/\/www.europesays.com\/fr\/wp-json\/wp\/v2\/comments?post=341221"}],"version-history":[{"count":0,"href":"https:\/\/www.europesays.com\/fr\/wp-json\/wp\/v2\/posts\/341221\/revisions"}],"wp:featuredmedia":[{"embeddable":true,"href":"https:\/\/www.europesays.com\/fr\/wp-json\/wp\/v2\/media\/341222"}],"wp:attachment":[{"href":"https:\/\/www.europesays.com\/fr\/wp-json\/wp\/v2\/media?parent=341221"}],"wp:term":[{"taxonomy":"category","embeddable":true,"href":"https:\/\/www.europesays.com\/fr\/wp-json\/wp\/v2\/categories?post=341221"},{"taxonomy":"post_tag","embeddable":true,"href":"https:\/\/www.europesays.com\/fr\/wp-json\/wp\/v2\/tags?post=341221"}],"curies":[{"name":"wp","href":"https:\/\/api.w.org\/{rel}","templated":true}]}}