{"id":341225,"date":"2025-08-24T19:04:14","date_gmt":"2025-08-24T19:04:14","guid":{"rendered":"https:\/\/www.europesays.com\/fr\/341225\/"},"modified":"2025-08-24T19:04:14","modified_gmt":"2025-08-24T19:04:14","slug":"aux-portes-de-leurope-le-grand-retour-des-empires","status":"publish","type":"post","link":"https:\/\/www.europesays.com\/fr\/341225\/","title":{"rendered":"Aux portes de l\u2019Europe, le grand retour des empires"},"content":{"rendered":"<p>    <strong>La chronique de Marie-H\u00e9l\u00e8ne Miauton<\/strong><\/p>\n<p>Depuis 1999, notre chroniqueuse revient chaque semaine sur un \u00e9v\u00e9nement r\u00e9cent. Retrouvez <a href=\"https:\/\/www.letemps.ch\/profil\/marie-helene-miauton?srsltid=AfmBOoo94nydzvl7lj2dtciuh5dGSyJKxuHpmE2IFX6x7k6q_GUyC79J\" rel=\"nofollow noopener\" target=\"_blank\">toutes ses chroniques<\/a><\/p>\n<p>Depuis longtemps, mais particuli\u00e8rement depuis qu\u2019il a envahi la Crim\u00e9e, l\u2019Europe s\u2019est inqui\u00e9t\u00e9e des vell\u00e9it\u00e9s imp\u00e9riales de Vladimir Poutine. Les commentateurs de plateaux dont la France a le secret (\u00abnotre\u00bb Darius Rochebin y excelle d\u00e9sormais sur LCI) se targuent de lire Poutine \u00e0 livre ouvert, et craignent qu\u2019il veuille reconstruire la Russie sovi\u00e9tique.<\/p>\n<p>En arborant \u00e0 Anchorage un sweat-shirt floqu\u00e9 d\u2019un \u00abCCCP\u00bb (Union des r\u00e9publiques socialistes sovi\u00e9tiques en cyrillique) totalement d\u00e9cal\u00e9, le ministre des Affaires \u00e9trang\u00e8res Sergue\u00ef Lavrov affirmait-il sans ambages cette nostalgie ou se moquait-il de cette marotte occidentale? On l\u2019ignore, d\u2019autant que l\u2019inscription n\u2019a jamais \u00e9t\u00e9 d\u00e9voil\u00e9e dans son entier, cach\u00e9e en partie par une veste sans manches tr\u00e8s tendance sur un homme de 75\u00a0ans bien sonn\u00e9s. Je penche pour la gal\u00e9jade, bien que ce v\u00e9t\u00e9ran au visage s\u00e9v\u00e8re, unanimement craint et donc respect\u00e9 depuis 2005 qu\u2019il est en poste, ne soit gu\u00e8re familier de cette forme d\u2019humour plut\u00f4t anglo-saxonne. Au-del\u00e0 de ces affaires de chiffons, il n\u2019emp\u00eache que les vis\u00e9es expansionnistes de la Russie inqui\u00e8tent la vieille Europe, ce qui se comprend. La plupart des anciens pays de l\u2019Est qui ont subi la botte sovi\u00e9tique appr\u00e9hendent le retour de l\u2019ours, les pays baltes tremblent, l\u2019Ukraine souffre.<\/p>\n","protected":false},"excerpt":{"rendered":"La chronique de Marie-H\u00e9l\u00e8ne Miauton Depuis 1999, notre chroniqueuse revient chaque semaine sur un \u00e9v\u00e9nement r\u00e9cent. Retrouvez toutes&hellip;\n","protected":false},"author":2,"featured_media":341226,"comment_status":"","ping_status":"","sticky":false,"template":"","format":"standard","meta":{"footnotes":""},"categories":[1586],"tags":[11,1777,674,1011,27,12,301,25,3496],"class_list":{"0":"post-341225","1":"post","2":"type-post","3":"status-publish","4":"format-standard","5":"has-post-thumbnail","7":"category-europe","8":"tag-actualites","9":"tag-eu","10":"tag-europe","11":"tag-fr","12":"tag-france","13":"tag-news","14":"tag-premium","15":"tag-republique-francaise","16":"tag-turquie"},"share_on_mastodon":{"url":"https:\/\/pubeurope.com\/@fr\/115085303095181860","error":""},"_links":{"self":[{"href":"https:\/\/www.europesays.com\/fr\/wp-json\/wp\/v2\/posts\/341225","targetHints":{"allow":["GET"]}}],"collection":[{"href":"https:\/\/www.europesays.com\/fr\/wp-json\/wp\/v2\/posts"}],"about":[{"href":"https:\/\/www.europesays.com\/fr\/wp-json\/wp\/v2\/types\/post"}],"author":[{"embeddable":true,"href":"https:\/\/www.europesays.com\/fr\/wp-json\/wp\/v2\/users\/2"}],"replies":[{"embeddable":true,"href":"https:\/\/www.europesays.com\/fr\/wp-json\/wp\/v2\/comments?post=341225"}],"version-history":[{"count":0,"href":"https:\/\/www.europesays.com\/fr\/wp-json\/wp\/v2\/posts\/341225\/revisions"}],"wp:featuredmedia":[{"embeddable":true,"href":"https:\/\/www.europesays.com\/fr\/wp-json\/wp\/v2\/media\/341226"}],"wp:attachment":[{"href":"https:\/\/www.europesays.com\/fr\/wp-json\/wp\/v2\/media?parent=341225"}],"wp:term":[{"taxonomy":"category","embeddable":true,"href":"https:\/\/www.europesays.com\/fr\/wp-json\/wp\/v2\/categories?post=341225"},{"taxonomy":"post_tag","embeddable":true,"href":"https:\/\/www.europesays.com\/fr\/wp-json\/wp\/v2\/tags?post=341225"}],"curies":[{"name":"wp","href":"https:\/\/api.w.org\/{rel}","templated":true}]}}