{"id":341229,"date":"2025-08-24T19:06:15","date_gmt":"2025-08-24T19:06:15","guid":{"rendered":"https:\/\/www.europesays.com\/fr\/341229\/"},"modified":"2025-08-24T19:06:15","modified_gmt":"2025-08-24T19:06:15","slug":"lambassadeur-americain-en-france-denonce-labsence-daction-suffisante-demmanuel-macron-face-a-lantisemitisme","status":"publish","type":"post","link":"https:\/\/www.europesays.com\/fr\/341229\/","title":{"rendered":"L&rsquo;ambassadeur am\u00e9ricain en France d\u00e9nonce \u00abl&rsquo;absence d&rsquo;action suffisante\u00bb d\u2019Emmanuel Macron face \u00e0 l\u2019antis\u00e9mitisme"},"content":{"rendered":"<p>Dans une lettre adress\u00e9e au chef de l\u2019\u00c9tat, le diplomate am\u00e9ricain exprime \u00absa profonde inqui\u00e9tude face \u00e0 la flamb\u00e9e de l\u2019antis\u00e9mitisme en France et \u00e0 l\u2019absence d\u2019action suffisante du gouvernement pour le combattre\u00bb.<\/p>\n<p class=\"fig-paragraph\">L&rsquo;ambassadeur am\u00e9ricain en France\u00a0<a href=\"http:\/\/www.lefigaro.fr\/international\/evasion-fiscale-scandale-sordide-prison-le-sulfureux-cv-de-charles-kushner-beau-pere-d-ivanka-trump-et-nouvel-ambassadeur-en-france-20241211\" target=\"_blank\" data-fig-type=\"Article\" rel=\"noopener\" data-gtm-custom-categorie=\"navigation\" data-gtm-custom-action=\"crossclick\" data-gtm-custom-label=\"Contextuel\" data-gtm-event=\"customEventSPE\" data-fig-domain=\"LEFIGARO\">Charles Kushner<\/a>\u00a0a d\u00e9nonc\u00e9 \u00abl&rsquo;absence d&rsquo;action suffisante\u00bb du pr\u00e9sident Emmanuel Macron contre l&rsquo;<a href=\"http:\/\/www.lefigaro.fr\/politique\/la-gauche-denonce-l-instrumentalisation-de-l-antisemitisme-par-benyamin-netanyahou-20250820\" target=\"_blank\" data-fig-type=\"NewsFlash\" rel=\"noopener\" data-gtm-custom-categorie=\"navigation\" data-gtm-custom-action=\"crossclick\" data-gtm-custom-label=\"Contextuel\" data-gtm-event=\"customEventSPE\" data-fig-domain=\"LEFIGARO\">antis\u00e9mitisme<\/a>, rejoignant les critiques du premier ministre isra\u00e9lien Benjamin Netanyahou.<\/p>\n<p class=\"fig-paragraph\">Dans une lettre adress\u00e9e au chef de l&rsquo;\u00c9tat obtenue dimanche par l&rsquo;AFP, l&rsquo;ambassadeur exprime \u00absa profonde inqui\u00e9tude face \u00e0 la flamb\u00e9e de l&rsquo;antis\u00e9mitisme en France et \u00e0 l&rsquo;absence d&rsquo;action suffisante de (son) gouvernement pour le combattre\u00bb.<\/p>\n<p>                                    <a class=\"fig-a11y-skip a11y-hidden\" href=\"#fig-a11y-skip-main-inarticle\"><br \/>\n        Passer la publicit\u00e9<br \/>\n    <\/a><\/p>\n<p>Argumentaire de Netanyahou<\/p>\n<p class=\"fig-paragraph\">Ces derni\u00e8res semaines, la virulence de Benyamin Netanyahou \u00e0 l\u2019encontre d\u2019<a href=\"http:\/\/www.lefigaro.fr\/international\/reconnaissance-d-un-etat-palestinien-en-israel-emmanuel-macron-fait-l-unanimite-contre-lui-20250725\" target=\"_blank\" data-fig-type=\"Article\" rel=\"noopener\" data-gtm-custom-categorie=\"navigation\" data-gtm-custom-action=\"crossclick\" data-gtm-custom-label=\"Contextuel\" data-gtm-event=\"customEventSPE\" data-fig-domain=\"LEFIGARO\">Emmanuel Macron<\/a>\u00a0sur le sujet de l\u2019antis\u00e9mitisme\u00a0<a href=\"http:\/\/www.lefigaro.fr\/international\/reconnaissance-de-la-palestine-nouvelle-crise-diplomatique-entre-emmanuel-macron-et-benyamin-netanyahou-20250820\" target=\"_blank\" data-fig-type=\"Article\" rel=\"noopener\" data-gtm-custom-categorie=\"navigation\" data-gtm-custom-action=\"crossclick\" data-gtm-custom-label=\"Contextuel\" data-gtm-event=\"customEventSPE\" data-fig-domain=\"LEFIGARO\">a atteint un niveau sans pr\u00e9c\u00e9dent<\/a>. Le premier ministre isra\u00e9lien n\u2019a pas dig\u00e9r\u00e9 la d\u00e9cision du pr\u00e9sident fran\u00e7ais de reconna\u00eetre un \u00c9tat palestinien en septembre, lors de l\u2019Assembl\u00e9e g\u00e9n\u00e9rale de l\u2019ONU \u00e0 New York. Dans une lettre rendue publique mardi, le dirigeant isra\u00e9lien estimait que la d\u00e9cision d\u2019Emmanuel Macron \u00abfavorise la haine des Juifs dans les rues\u00bb, donnant pour illustrer son propos une liste d\u2019agressions \u00e0 caract\u00e8re antis\u00e9mite r\u00e9centes. La r\u00e9plique du chef d\u2019\u00c9tat fran\u00e7ais a \u00e9t\u00e9 cinglante, qualifiant cette r\u00e9action d\u2019\u00ababjecte\u00bb tout en assurant que \u00abla France prot\u00e8ge et prot\u00e9gera toujours les Juifs\u00bb.<\/p>\n<p class=\"fig-paragraph\">Dans sa lettre, dat\u00e9e de lundi, l\u2019ambassadeur am\u00e9ricain reprend l\u2019argumentaire de Benjamin Netanyahou. \u00abDes d\u00e9clarations qui vilipendent Isra\u00ebl et des gestes en reconnaissance d\u2019un \u00c9tat palestinien encouragent les extr\u00e9mistes, fomentent la violence et mettent en p\u00e9ril la jud\u00e9it\u00e9 en France\u00bb, estime le diplomate, par ailleurs p\u00e8re du gendre de Donald Trump, Jared Kushner. \u00abAujourd\u2019hui, ce n\u2019est plus possible de tergiverser\u00a0: l\u2019antisionisme, c\u2019est l\u2019antis\u00e9mitisme, point\u00bb, estime-t-il.<\/p>\n<p class=\"fig-paragraph\">Selon l\u2019ambassadeur, \u00abil ne se passe pas un jour en France sans que des Juifs soient agress\u00e9s dans les rues, des synagogues et des \u00e9coles d\u00e9grad\u00e9es, et des entreprises appartenant \u00e0 des Juifs vandalis\u00e9es. Le minist\u00e8re de l\u2019Int\u00e9rieur de votre propre gouvernement constate que des \u00e9coles maternelles ont \u00e9t\u00e9 cibl\u00e9es par des d\u00e9gradations antis\u00e9mites\u00bb.<\/p>\n<p>\u00abS\u2019interroger sur le programme scolaire\u00bb<\/p>\n<p class=\"fig-paragraph\">Le repr\u00e9sentant des \u00c9tats-Unis en France s\u2019indigne \u00e9galement que \u00abpresque la moiti\u00e9 de jeunes Fran\u00e7ais disent ne jamais avoir entendu parler de la Shoah\u00bb. \u00abLa persistance d\u2019une telle ignorance nous pousse donc \u00e0 nous interroger sur le programme scolaire dans les \u00e9coles de l\u2019Hexagone\u00bb, ajoute-t-il. Vantant les actions du pr\u00e9sident Trump en la mati\u00e8re et la capacit\u00e9 \u00e0 \u00abcombattre l\u2019antis\u00e9mitisme, tant que nos dirigeants ont la volont\u00e9 d\u2019agir\u00bb, l\u2019ambassadeur am\u00e9ricain en France exhorte le pr\u00e9sident fran\u00e7ais \u00ab\u00e0 agir avec r\u00e9solution\u00bb.<\/p>\n<p class=\"fig-paragraph\">Lorsqu\u2019Emmanuel Macron a annonc\u00e9 fin juillet que la France allait reconna\u00eetre l\u2019\u00c9tat de Palestine, dans la foul\u00e9e, plus d\u2019une dizaine de pays occidentaux parmi lesquels le Canada, ainsi que l\u2019Australie, ont appel\u00e9 d\u2019autres pays du monde \u00e0 faire de m\u00eame. L\u2019Assembl\u00e9e g\u00e9n\u00e9rale de l\u2019ONU pr\u00e9vue en septembre prend fin pr\u00e9cis\u00e9ment le 23, jour de la nouvelle ann\u00e9e juive et date avant laquelle Benjamin Netanyahou appelle Emmanuel Macron \u00ab\u00e0 remplacer la faiblesse par l\u2019action, l\u2019apaisement par la volont\u00e9\u00bb dans la lutte contre l\u2019antis\u00e9mitisme.<\/p>\n<p>                                    <a class=\"fig-a11y-skip a11y-hidden\" href=\"#fig-a11y-skip-main-inarticle_mtf\"><br \/>\n        Passer la publicit\u00e9<br \/>\n    <\/a><\/p>\n<p class=\"fig-paragraph\">Les actes antis\u00e9mites sont en nette progression en France depuis le 7-Octobre 2023, date des attaques sans pr\u00e9c\u00e9dent du Hamas contre Isra\u00ebl et du d\u00e9clenchement de la guerre \u00e0 Gaza. Le contexte est particuli\u00e8rement d\u00e9licat puisque vit en France la plus grande communaut\u00e9 juive d\u2019Europe occidentale, avec environ 500.000 personnes, en m\u00eame temps qu\u2019une tr\u00e8s importante communaut\u00e9 arabo-musulmane, tr\u00e8s sensible au sort des Palestiniens de Gaza.<\/p>\n","protected":false},"excerpt":{"rendered":"Dans une lettre adress\u00e9e au chef de l\u2019\u00c9tat, le diplomate am\u00e9ricain exprime \u00absa profonde inqui\u00e9tude face \u00e0 la&hellip;\n","protected":false},"author":2,"featured_media":341230,"comment_status":"","ping_status":"","sticky":false,"template":"","format":"standard","meta":{"footnotes":""},"categories":[2],"tags":[11,6155,1073,1011,27,664,12,25],"class_list":{"0":"post-341229","1":"post","2":"type-post","3":"status-publish","4":"format-standard","5":"has-post-thumbnail","7":"category-actualites","8":"tag-actualites","9":"tag-antisemitisme","10":"tag-emmanuel-macron","11":"tag-fr","12":"tag-france","13":"tag-israel","14":"tag-news","15":"tag-republique-francaise"},"share_on_mastodon":{"url":"https:\/\/pubeurope.com\/@fr\/115085310918179188","error":""},"_links":{"self":[{"href":"https:\/\/www.europesays.com\/fr\/wp-json\/wp\/v2\/posts\/341229","targetHints":{"allow":["GET"]}}],"collection":[{"href":"https:\/\/www.europesays.com\/fr\/wp-json\/wp\/v2\/posts"}],"about":[{"href":"https:\/\/www.europesays.com\/fr\/wp-json\/wp\/v2\/types\/post"}],"author":[{"embeddable":true,"href":"https:\/\/www.europesays.com\/fr\/wp-json\/wp\/v2\/users\/2"}],"replies":[{"embeddable":true,"href":"https:\/\/www.europesays.com\/fr\/wp-json\/wp\/v2\/comments?post=341229"}],"version-history":[{"count":0,"href":"https:\/\/www.europesays.com\/fr\/wp-json\/wp\/v2\/posts\/341229\/revisions"}],"wp:featuredmedia":[{"embeddable":true,"href":"https:\/\/www.europesays.com\/fr\/wp-json\/wp\/v2\/media\/341230"}],"wp:attachment":[{"href":"https:\/\/www.europesays.com\/fr\/wp-json\/wp\/v2\/media?parent=341229"}],"wp:term":[{"taxonomy":"category","embeddable":true,"href":"https:\/\/www.europesays.com\/fr\/wp-json\/wp\/v2\/categories?post=341229"},{"taxonomy":"post_tag","embeddable":true,"href":"https:\/\/www.europesays.com\/fr\/wp-json\/wp\/v2\/tags?post=341229"}],"curies":[{"name":"wp","href":"https:\/\/api.w.org\/{rel}","templated":true}]}}