{"id":341231,"date":"2025-08-24T19:07:17","date_gmt":"2025-08-24T19:07:17","guid":{"rendered":"https:\/\/www.europesays.com\/fr\/341231\/"},"modified":"2025-08-24T19:07:17","modified_gmt":"2025-08-24T19:07:17","slug":"ligue-1-emegha-buteur-johnsson-solide-nanasi-absent-les-tops-et-les-flops-de-racing-club-de-strasbourg","status":"publish","type":"post","link":"https:\/\/www.europesays.com\/fr\/341231\/","title":{"rendered":"Ligue 1. Emegha buteur, Johnsson solide, Nanasi absent : les tops et les flops de Racing Club de Strasbourg"},"content":{"rendered":"<p>  Les tops<strong>La facilit\u00e9 technique de Paez<\/strong><\/p>\n<p>En avril, pour son passage sur les bords du Krimmeri, Kendry Paez \u00e9tait arriv\u00e9 escort\u00e9 d\u2019une \u00e9tiquette de p\u00e9pite. L\u2019international \u00e9quatorien a finalement \u00e9t\u00e9 pr\u00eat\u00e9 par Chelsea fin juillet pour une saison. Apr\u00e8s deux entr\u00e9es en jeu, dont l\u2019une percutante face \u00e0 Brondby jeudi, avec un centre qu\u2019aurait d\u00fb conclure Emmanuel Emegha dans le temps additionnel, le Sud-Am\u00e9ricain a eu le droit \u00e0 sa premi\u00e8re titularisation. Et il a rapidement montr\u00e9 toute sa finesse technique gr\u00e2ce \u00e0 sa patte gauche avec laquelle il caresse le ballon. S\u2019il n\u2019a pas toujours fait les bons choix, il a n\u00e9anmoins fait peser un danger constant dans le couloir gauche face \u00e0 des Nantais qui lui ont laiss\u00e9 pas mal de libert\u00e9. Sa frappe enroul\u00e9e du coin de la surface n\u2019a pas accroch\u00e9 le cadre (32e). Ses centres, eux, auraient gagn\u00e9 \u00e0 \u00eatre mieux dos\u00e9s. \u00a0Avec plus d\u2019efficacit\u00e9 dans le dernier ou l\u2019avant-dernier geste, comme sur cette vol\u00e9e rat\u00e9e dans la surface (63e), Paez a tout pour devenir un feu follet sur les ailes du Racing.<\/p>\n<p>  <strong>Un duel tactique<\/strong><\/p>\n<p>C\u2019\u00e9tait annonc\u00e9 avant la rencontre, Liam Rosenior et Luis Castro ont la m\u00eame philosophie de jeu, \u00e0 savoir repartir de l\u2019arri\u00e8re pour construire leurs actions. Et aussi chercher haut leurs adversaires pour se mettre rapidement en situation offensive. Le Racing et Nantes ont \u00e9t\u00e9 fid\u00e8les \u00e0 leurs principes, m\u00eame si ce sont les Strasbourgeois qui ont eu le plus nettement la possession du ballon. Ce jeu en miroir a par moments ressembl\u00e9 \u00e0 une partie d\u2019\u00e9checs pour d\u00e9placer le bloc d\u2019en face dans la zone voulue. Int\u00e9ressant.<\/p>\n<p>  <strong>Johnsson, c\u2019est du solide<\/strong><\/p>\n<p>Jeudi, apr\u00e8s la b\u00e9quille \u00e0 la hanche de Mike Penders, Karl-Johan Johnsson avait retrouv\u00e9 le terrain 197 jours apr\u00e8s sa derni\u00e8re apparition dans le but strasbourgeois lors d\u2019une triste \u00e9limination contre Angers en Coupe de France. Ce dimanche, le Su\u00e9dois \u00e9tait fid\u00e8le au poste, laissant au num\u00e9ro un belge le temps de se remettre. Et comme souvent, le Racing a pu compter sur lui. Si son jeu au pied n\u2019est pas exceptionnel, il reste une valeur s\u00fbre dans sa surface. Il a ainsi ferm\u00e9 la porte \u00e0 Herba Guirassy (36e) et Kevin Almian (37e). Et il a remport\u00e9 son duel, comme trois jours plus t\u00f4t face \u00e0 l\u2019attaquant de Brondby Michael Gregoritsch, en privant Guirassy de l\u2019ouverture du score (45e). En seconde p\u00e9riode, il a r\u00e9alis\u00e9 quelques sorties a\u00e9riennes qui ont fait beaucoup de bien.<\/p>\n<p>  <strong>Emegha se rate puis se reprend<\/strong><\/p>\n<p>Il y a d\u2019abord eu cet \u00e9norme rat\u00e9. Un ballon envoy\u00e9 au-dessus de la transversale, \u00e0 deux m\u00e8tres de la ligne, sur un centre tendu d\u2019Abdoul Ouattara (80e). Un geste maladroit alors que le Racing avait pourtant les plus grandes difficult\u00e9s \u00e0 se montrer dangereux. Mais le capitaine alsacien, entr\u00e9 apr\u00e8s la pause, n\u2019est pas homme \u00e0 douter comme il le dit lui-m\u00eame. Et on l\u2019a vu. Car dans la minute suivante, il a \u00e9t\u00e9 \u00e0 la r\u00e9ception du centre de Dilane Bakwa, dont c&rsquo;est d\u00e9j\u00e0 la deuxi\u00e8me passe d\u00e9cisive, pour crucifier Anthony Lopes de la t\u00eate (81e). Un but comme une lib\u00e9ration qui a permis au Racing d\u2019entamer son championnat par deux victoires cons\u00e9cutives, ce qui ne lui \u00e9tait plus arriv\u00e9 depuis 33 ans.<\/p>\n<p>  Les flops<strong>Nanasi perd du cr\u00e9dit<\/strong><\/p>\n<p>Jeudi, il avait \u00e9t\u00e9 sorti \u00e0 l\u2019heure de jeu, apr\u00e8s un match durant lequel il s\u2019\u00e9tait peu mis en \u00e9vidence, la connexion n\u2019\u00e9tant pas des plus fluides avec Valentin Barco sur le c\u00f4t\u00e9 gauche. Ce dimanche, Sebastian Nanasi a quitt\u00e9 ses partenaires d\u00e8s la mi-temps. Une nouvelle fois, le Su\u00e9dois a eu du mal \u00e0 se mettre en \u00e9vidence. Le jeu est d\u2019ailleurs pass\u00e9 c\u00f4t\u00e9 droit la plupart du temps durant les 45 premi\u00e8res minutes. Le contraste est en tout cas saisissant avec le Nanasi de l\u2019\u00e9t\u00e9 2024, bien plus virevoltant et d\u00e9cisif (3 buts et 2 passes d\u00e9cisives en six matches). Dans un effectif concurrentiel, le blond a perdu un peu de cr\u00e9dit contre Nantes, alors qu\u2019il avait commenc\u00e9 la saison sur le banc \u00e0 Metz.<\/p>\n<p>  <strong>Offensivement pas tr\u00e8s emballant<\/strong><\/p>\n<p>Maladroit contre Brondy pour l\u2019emporter lors du barrage aller de Ligue Conf\u00e9rence, le Racing a \u00e9t\u00e9 moins inspir\u00e9 sur le front offensif cet apr\u00e8s-midi. On a plut\u00f4t vu le visage affich\u00e9 \u00e0 Metz en ouverture de saison. Que ce soit avec une ou deux pointes, apr\u00e8s l\u2019entr\u00e9e d\u2019Emmanuel Emegha apr\u00e8s la pause, les Bleus ont trop peu pes\u00e9 sur la d\u00e9fense nantaise. D\u2019ailleurs, Anthony Lopes n\u2019a pas eu \u00e0 s\u2019employer outre mesure, seules des frappes d\u2019Abdoul Ouattara (73e) et d&rsquo;Emmanuel Emegha (85e) l\u2019ayant contraint \u00e0 se d\u00e9tendre. Il y a aussi eu de la maladresse, \u00e0 l\u2019image de ces deux reprises de vol\u00e9e manqu\u00e9es cons\u00e9cutivement dans la surface par Kendry Paez et F\u00e9lix Lemarechal (64e). Sans parler de l\u2019\u00e9norme rat\u00e9 d\u2019Emegha (80e).<\/p>\n","protected":false},"excerpt":{"rendered":"Les topsLa facilit\u00e9 technique de Paez En avril, pour son passage sur les bords du Krimmeri, Kendry Paez&hellip;\n","protected":false},"author":2,"featured_media":341232,"comment_status":"","ping_status":"","sticky":false,"template":"","format":"standard","meta":{"footnotes":""},"categories":[2],"tags":[11,2413,2880,107,1701,63,1011,27,12,41281,25,517,1947],"class_list":{"0":"post-341231","1":"post","2":"type-post","3":"status-publish","4":"format-standard","5":"has-post-thumbnail","7":"category-actualites","8":"tag-actualites","9":"tag-edition-colmar-guebwiller","10":"tag-edition-strasbourg","11":"tag-fil-info","12":"tag-fil-info-sport","13":"tag-football","14":"tag-fr","15":"tag-france","16":"tag-news","17":"tag-racing-club-strasbourg-masculin","18":"tag-republique-francaise","19":"tag-sport","20":"tag-sport-national"},"share_on_mastodon":{"url":"https:\/\/pubeurope.com\/@fr\/115085314849288486","error":""},"_links":{"self":[{"href":"https:\/\/www.europesays.com\/fr\/wp-json\/wp\/v2\/posts\/341231","targetHints":{"allow":["GET"]}}],"collection":[{"href":"https:\/\/www.europesays.com\/fr\/wp-json\/wp\/v2\/posts"}],"about":[{"href":"https:\/\/www.europesays.com\/fr\/wp-json\/wp\/v2\/types\/post"}],"author":[{"embeddable":true,"href":"https:\/\/www.europesays.com\/fr\/wp-json\/wp\/v2\/users\/2"}],"replies":[{"embeddable":true,"href":"https:\/\/www.europesays.com\/fr\/wp-json\/wp\/v2\/comments?post=341231"}],"version-history":[{"count":0,"href":"https:\/\/www.europesays.com\/fr\/wp-json\/wp\/v2\/posts\/341231\/revisions"}],"wp:featuredmedia":[{"embeddable":true,"href":"https:\/\/www.europesays.com\/fr\/wp-json\/wp\/v2\/media\/341232"}],"wp:attachment":[{"href":"https:\/\/www.europesays.com\/fr\/wp-json\/wp\/v2\/media?parent=341231"}],"wp:term":[{"taxonomy":"category","embeddable":true,"href":"https:\/\/www.europesays.com\/fr\/wp-json\/wp\/v2\/categories?post=341231"},{"taxonomy":"post_tag","embeddable":true,"href":"https:\/\/www.europesays.com\/fr\/wp-json\/wp\/v2\/tags?post=341231"}],"curies":[{"name":"wp","href":"https:\/\/api.w.org\/{rel}","templated":true}]}}