{"id":341233,"date":"2025-08-24T19:08:18","date_gmt":"2025-08-24T19:08:18","guid":{"rendered":"https:\/\/www.europesays.com\/fr\/341233\/"},"modified":"2025-08-24T19:08:18","modified_gmt":"2025-08-24T19:08:18","slug":"coupe-de-france-1er-tour-le-fc-pen-hir-camaret-fait-respecter-la-hierarchie-sur-le-terrain-de-plomodiern","status":"publish","type":"post","link":"https:\/\/www.europesays.com\/fr\/341233\/","title":{"rendered":"Coupe de France (1er tour)\u00a0: le FC Pen Hir Camaret fait respecter la hi\u00e9rarchie sur le terrain de Plomodiern"},"content":{"rendered":"<p>Une division d\u2019\u00e9cart s\u00e9parait Plomodiern (D1 de District) et Camaret (R\u00e9gional 3), ce dimanche, lors du premier tour de la Coupe de France 2025-2026. \u00c0 l\u2019arriv\u00e9e, la hi\u00e9rarchie a \u00e9t\u00e9 respect\u00e9e puisque les visiteurs l\u2019ont emport\u00e9 sans trembler, dimanche, sur le score de 3-1.<\/p>\n<p>Rendez-vous au deuxi\u00e8me tour pour le FC Pen Hir, qui conna\u00eetra son adversaire ce lundi (18\u00a0h\u00a030) lors du tirage au sort, au si\u00e8ge du district du Finist\u00e8re, \u00e0 Ch\u00e2teaulin.<\/p>\n","protected":false},"excerpt":{"rendered":"Une division d\u2019\u00e9cart s\u00e9parait Plomodiern (D1 de District) et Camaret (R\u00e9gional 3), ce dimanche, lors du premier tour&hellip;\n","protected":false},"author":2,"featured_media":341234,"comment_status":"","ping_status":"","sticky":false,"template":"","format":"standard","meta":{"footnotes":""},"categories":[4],"tags":[11,63,1011,27,12,25,60],"class_list":{"0":"post-341233","1":"post","2":"type-post","3":"status-publish","4":"format-standard","5":"has-post-thumbnail","7":"category-france","8":"tag-actualites","9":"tag-football","10":"tag-fr","11":"tag-france","12":"tag-news","13":"tag-republique-francaise","14":"tag-sports"},"share_on_mastodon":{"url":"https:\/\/pubeurope.com\/@fr\/115085319561551286","error":""},"_links":{"self":[{"href":"https:\/\/www.europesays.com\/fr\/wp-json\/wp\/v2\/posts\/341233","targetHints":{"allow":["GET"]}}],"collection":[{"href":"https:\/\/www.europesays.com\/fr\/wp-json\/wp\/v2\/posts"}],"about":[{"href":"https:\/\/www.europesays.com\/fr\/wp-json\/wp\/v2\/types\/post"}],"author":[{"embeddable":true,"href":"https:\/\/www.europesays.com\/fr\/wp-json\/wp\/v2\/users\/2"}],"replies":[{"embeddable":true,"href":"https:\/\/www.europesays.com\/fr\/wp-json\/wp\/v2\/comments?post=341233"}],"version-history":[{"count":0,"href":"https:\/\/www.europesays.com\/fr\/wp-json\/wp\/v2\/posts\/341233\/revisions"}],"wp:featuredmedia":[{"embeddable":true,"href":"https:\/\/www.europesays.com\/fr\/wp-json\/wp\/v2\/media\/341234"}],"wp:attachment":[{"href":"https:\/\/www.europesays.com\/fr\/wp-json\/wp\/v2\/media?parent=341233"}],"wp:term":[{"taxonomy":"category","embeddable":true,"href":"https:\/\/www.europesays.com\/fr\/wp-json\/wp\/v2\/categories?post=341233"},{"taxonomy":"post_tag","embeddable":true,"href":"https:\/\/www.europesays.com\/fr\/wp-json\/wp\/v2\/tags?post=341233"}],"curies":[{"name":"wp","href":"https:\/\/api.w.org\/{rel}","templated":true}]}}