{"id":341235,"date":"2025-08-24T19:09:30","date_gmt":"2025-08-24T19:09:30","guid":{"rendered":"https:\/\/www.europesays.com\/fr\/341235\/"},"modified":"2025-08-24T19:09:30","modified_gmt":"2025-08-24T19:09:30","slug":"2-611-jours-plus-tard-alex-noren-renoue-avec-la-victoire-et-place-luke-donald-dans-lembarras","status":"publish","type":"post","link":"https:\/\/www.europesays.com\/fr\/341235\/","title":{"rendered":"2 611 jours plus tard, Alex Noren renoue avec la victoire et place Luke Donald dans l&#8217;embarras"},"content":{"rendered":"<p>\t\t\t\t\t\t<img width=\"770\" height=\"557\" src=\"https:\/\/www.europesays.com\/fr\/wp-content\/uploads\/2025\/08\/norentrophee-770x557.jpeg\" class=\"img-responsive wp-post-image\" alt=\"\" decoding=\"async\" fetchpriority=\"high\"  \/>\t\t\t\t\t<\/p>\n<p>\t\t\t\t\t\t Partager cet article <\/p>\n<p class=\"screen-reader-text juiz_sps_maybe_hidden_text\">Partager la publication \u00ab\u00a02 611 jours plus tard, Alex Noren renoue avec la victoire et place Luke Donald dans l\u2019embarras\u00a0\u00bb<\/p>\n<p><strong>Magnifique vainqueur du British Masters avec un dernier tour boucl\u00e9 en 67 (-5) et un score final de -16 (272), Alex Noren (photo) d\u00e9croche son onzi\u00e8me succ\u00e8s sur le DP World Tour, le premier depuis le HNA Open de France le 1er juillet\u2026 2018. Revenu de blessure, le Su\u00e9dois, 43 ans, qui devance d\u2019un coup le Danois Nicolai H\u00f8jgaard et l\u2019\u00e9tonnant N\u00e9o-Z\u00e9landais Kazuma Kobori, s\u2019installe de nouveau comme un s\u00e9rieux candidat \u00e0 une qualification pour la 45e Ryder Cup \u00e0 Bethpage. Huiti\u00e8me \u00e0 -9 (279), Julien Guerrier signe de son c\u00f4t\u00e9 son premier top 10 depuis d\u00e9cembre dernier\u2026\u00a0<\/strong><\/p>\n<p>\u00a0<\/p>\n<p><strong>L.V.<\/strong><\/p>\n<p><a href=\"https:\/\/www.golfplanete.com\/actualites\/matthew-fitzpatrick-prend-les-renes-du-tournoi-devant-un-panel-de-joueurs-qui-sent-bon-la-ryder-cup-top-10-pour-tom-vaillant-et-julien-guerrier\/\" target=\"_blank\" rel=\"noopener nofollow\">Deuxi\u00e8me \u00e0 -11 apr\u00e8s 54 trous<\/a>, un coup derri\u00e8re <strong>Matthew Fitzpatrick<\/strong>, <strong>Alex Noren<\/strong> a gagn\u00e9 son duel avec son adversaire direct, pourtant pr\u00e9sent\u00e9 comme le grand favori \u00e0 la victoire finale ce dimanche au <strong>Belfry<\/strong>. Les cartes des deux golfeurs le prouvent. 67 (-5) pour le Su\u00e9dois avec notamment un finish de feu (trois birdies d\u2019affil\u00e9e du 15 au 17) contre un difficile 74 (+2) pour l\u2019Anglais, pass\u00e9 compl\u00e8tement \u00e0 c\u00f4t\u00e9 de sa journ\u00e9e.<\/p>\n<p><a href=\"https:\/\/www.europeantour.com\/dpworld-tour\/betfred-british-masters-hosted-by-sir-nick-faldo-2025\/leaderboard\" target=\"_blank\" rel=\"noopener nofollow\">Retrouvez le classement complet<\/a><\/p>\n<p>Bless\u00e9 pendant presque six mois, Alex Noren, 43 ans, n\u2019a retrouv\u00e9 le chemin des fairways qu\u2019au d\u00e9but du mois de mai sur le <strong>PGA Tour<\/strong>. Une reprise qui n\u2019a pas \u00e9t\u00e9 sans difficult\u00e9 puisqu\u2019il lui a fallu attendre la mi-juillet pour signer un premier top 10 (7e au <strong>3M Open<\/strong>) avant de prendre quelques jours plus tard la 3e place du <strong>Wyndham Championship<\/strong>, dernier rendez-vous de la saison r\u00e9guli\u00e8re \u00e0 la <strong>FedEx Cup<\/strong>.<\/p>\n<p>Une belle dynamique qui lui a certainement permis de rapidement occuper les avant-postes du <strong>British Masters<\/strong> cette semaine, un tournoi o\u00f9 il s\u2019\u00e9tait impos\u00e9 en octobre 2016 quand il \u00e9voluait encore de fa\u00e7on r\u00e9guli\u00e8re sur le <strong>DP World Tour<\/strong>. En tenant t\u00eate \u00e0 distance avec <strong>Nicolai H\u00f8jgaard<\/strong> mais aussi le tr\u00e8s \u00e9tonnant N\u00e9o-Z\u00e9landais <strong>Kazuma Kobori<\/strong>, Noren, 43 ans, effectue un sensationnel retour au premier plan.<\/p>\n<p>\u00a0<\/p>\n<blockquote class=\"twitter-tweet\">\n<p dir=\"ltr\" lang=\"en\">World class from Alex Noren! He takes the lead during the final round \ud83d\ude4c <a href=\"https:\/\/t.co\/BMJ5VR7Llc\" rel=\"nofollow\">pic.twitter.com\/BMJ5VR7Llc<\/a><\/p>\n<p>\u2014 DP World Tour (@DPWorldTour) <a href=\"https:\/\/twitter.com\/DPWorldTour\/status\/1959593072796283163?ref_src=twsrc%5Etfw\" rel=\"nofollow noopener\" target=\"_blank\">August 24, 2025<\/a><\/p>\n<\/blockquote>\n<p>\t\t\t\t<img loading=\"lazy\" decoding=\"async\" src=\"data:image\/svg+xml,%3Csvg%20xmlns=\" http:=\"\" attributionsrc=\"\" border=\"0\" height=\"1\" width=\"1\" alt=\"Advertisement\" data-lazy-src=\"https:\/\/www.europesays.com\/fr\/wp-content\/uploads\/2025\/05\/B33047934.421787844;dc_trk_aid=614154864;dc_trk_cid=235296214;ord=[timestamp];dc_lat=;dc_rdid=;tag_f.gif\"\/><\/p>\n<p>\t\t\t\t\t<a id=\"173261\" href=\"https:\/\/ad.doubleclick.net\/ddm\/trackclk\/N1153799.3770024GOLFPLANATE\/B33047934.421787844;dc_trk_aid=614154864;dc_trk_cid=235296214;dc_lat=;dc_rdid=;tag_for_child_directed_treatment=;tfua=;gdpr=${GDPR};gdpr_consent=${GDPR_CONSENT_755};ltd=;dc_tdv=1\" target=\"_blank\" rel=\"sponsorised nofollow noopener\"><img decoding=\"async\" src=\"data:image\/svg+xml,%3Csvg%20xmlns=\" http:=\"\" class=\"img-responsive\" alt=\"\" data-lazy-src=\"https:\/\/www.europesays.com\/fr\/wp-content\/uploads\/2025\/05\/callaway-e03-aione-square2square-1170x275-1.jpg\"\/><\/a><\/p>\n<p>Cela faisait en effet 2\u00a0611 jours qu\u2019il n\u2019avait plus gagn\u00e9 sur le Tour europ\u00e9en. Depuis le <strong>HNA Open de France<\/strong> le 1er juillet 2018, \u00e0 l\u2019\u00e9poque o\u00f9 le tournoi \u00e9tait encore estampill\u00e9 <strong>Rolex Series<\/strong>. Un succ\u00e8s qui lui avait valu d\u2019\u00eatre retenu dans l\u2019\u00e9quipe europ\u00e9enne de <strong>Ryder Cup<\/strong>, victorieuse quelques semaines plus tard au <strong>Golf National<\/strong> face aux Etats-Unis.<\/p>\n<blockquote><p>\nCette victoire veut dire beaucoup. C\u2019\u00e9tait une semaine formidable. Je ne crois pas avoir jou\u00e9 comme \u00e7a depuis tr\u00e8s longtemps.<\/p>\n<p>Alex Noren<\/p>\n<\/blockquote>\n<p>\u00ab\u00a0Cette victoire veut dire beaucoup, souffle, \u00e9mu, le Scandinave qui \u00e9gale les onze succ\u00e8s sur le Tour europ\u00e9en de ses compatriotes <strong>Henrik<\/strong> <strong>Stenson<\/strong> et <strong>Robert Karlsson<\/strong>. C\u2019\u00e9tait une semaine formidable. Je ne crois pas avoir jou\u00e9 comme \u00e7a depuis tr\u00e8s longtemps. J\u2019ai eu un petit contretemps sur la fin (bogey au 18 apr\u00e8s une mise en jeu manqu\u00e9e sous les arbres \u00e0 droite du fairway) mais je suis extr\u00eamement fier de moi. J\u2019ai dit \u00e0 Kyle (Ndlr, <strong>Morrison<\/strong>, son caddie) plus t\u00f4t cette ann\u00e9e : \u00ab On va y arriver. On va retrouver un bon niveau de golf apr\u00e8s une ann\u00e9e un peu mouvement\u00e9e\u2026 \u00bb Et c\u2019est ce qui s\u2019est pass\u00e9. Les trois derniers d\u00e9parts ont \u00e9t\u00e9 excellents ! \u00bb<\/p>\n<p>\t\t\t\t\t<a id=\"181426\" href=\"https:\/\/leclub-golf.com\/fr\/green-fees?online=1&amp;utm_source=golf+planete&amp;utm_medium=referral&amp;utm_campaign=green+fee+en+ligne&amp;utm_id=green+fee+en+ligne_golf+planete_referral_banner\" target=\"_blank\" rel=\"sponsorised nofollow noopener\"><img decoding=\"async\" src=\"data:image\/svg+xml,%3Csvg%20xmlns=\" http:=\"\" class=\"img-responsive\" alt=\"\" data-lazy-src=\"https:\/\/www.europesays.com\/fr\/wp-content\/uploads\/2025\/08\/leclubgolf-e09-effet-classique-1170x275png.png\"\/><\/a><br \/>\nLa Ryder Cup ? Il n\u2019y croit pas !\u00a0<\/p>\n<p>Une chose est s\u00fbre, cette victoire que personne n\u2019a vraiment vu venir rebat s\u00e9rieusement les cartes dans l\u2019optique des six picks que doit annoncer <strong>Luke Donald<\/strong> le 1er septembre. Le capitaine anglais va-t-il oser s\u00e9lectionner un golfeur qui revient de blessure apr\u00e8s six mois d\u2019absence mais qui affiche une solide exp\u00e9rience \u00e0 la fois en Ryder Cup et sur le PGA Tour (192 tournois, battu en play-off face \u00e0 <strong>Jason Day<\/strong> au <strong>Farmers Insurance Open<\/strong> 2018) ?<\/p>\n<p>\u00ab\u00a0Je pense toujours que c\u2019est une id\u00e9e \u00e0 rejeter, lance-t-il dans un grand \u00e9clat de rires. Oui, c\u2019est vrai, ce serait g\u00e9nial. Mais je suis surtout content de cette victoire. C\u2019est la premi\u00e8re fois en sept ans, c\u2019est une sensation formidable.\u00a0\u00bb<\/p>\n<p>Pour d\u00e9finitivement convaincre Luke Donald, il lui faudra certainement r\u00e9ussir une nouvelle grosse semaine \u00e0 <strong>Crans-sur-Sierre<\/strong> (Suisse), h\u00f4te \u00e0 partir de jeudi prochain de l\u2019<strong>Omega European Masters<\/strong>. Cela tombe bien, il s\u2019y est impos\u00e9 \u00e0 deux reprises. En 2009 puis en 2016. Alors pourquoi pas ?<\/p>\n<p>\t\t\t\t\t<a id=\"181442\" href=\"https:\/\/www.formigolf.fr\/voyage-pays~fairplay_golf__spa_resort_5etoiles_cadiz~199~espagne\" target=\"_blank\" rel=\"sponsorised nofollow noopener\"><img decoding=\"async\" src=\"data:image\/svg+xml,%3Csvg%20xmlns=\" http:=\"\" class=\"img-responsive\" alt=\"\" data-lazy-src=\"https:\/\/www.europesays.com\/fr\/wp-content\/uploads\/2025\/08\/formigolf-e08-andalousie-cadiz-1170x275-1.gif\"\/><\/a><\/p>\n<blockquote class=\"twitter-tweet\">\n<p dir=\"ltr\" lang=\"en\">Nicolai H\u00f8jgaard goes two clear with a birdie at the 10th! <a href=\"https:\/\/t.co\/9Xzj5pm9S6\" rel=\"nofollow\">pic.twitter.com\/9Xzj5pm9S6<\/a><\/p>\n<p>\u2014 DP World Tour (@DPWorldTour) <a href=\"https:\/\/twitter.com\/DPWorldTour\/status\/1959617374778274159?ref_src=twsrc%5Etfw\" rel=\"nofollow noopener\" target=\"_blank\">August 24, 2025<\/a><\/p>\n<\/blockquote>\n<p>\t\t\t\t\t<a id=\"181434\" href=\"https:\/\/www.omegaeuropeanmasters.com\/fr\/tickets\/tickets\" target=\"_blank\" rel=\"sponsorised nofollow noopener\"><img decoding=\"async\" src=\"data:image\/svg+xml,%3Csvg%20xmlns=\" http:=\"\" class=\"img-responsive\" alt=\"\" data-lazy-src=\"https:\/\/www.europesays.com\/fr\/wp-content\/uploads\/2025\/08\/omegamasters-e02-billetterie-om25-1170x275-1.jpg\"\/><\/a><\/p>\n<p>Bien que battu d\u2019un souffle par Noren apr\u00e8s avoir jou\u00e9 67, Nicolai H\u00f8jgaard a, lui aussi, sem\u00e9 le doute dans l\u2019esprit du capitaine de Ryder Cup. 4e au <strong>Scottish Open<\/strong> puis 14e \u00e0 <strong>The Open<\/strong>, le Danois, fr\u00e8re de <a href=\"https:\/\/www.golfplanete.com\/actualites\/rasmus-hojgaard-le-sixieme-homme-pour-bethpage\/\" target=\"_blank\" rel=\"noopener nofollow\">Rasmus qui s\u2019est \u00ab qualifi\u00e9 \u00bb en prenant la 6e place du Ranking europ\u00e9en<\/a>, est dans une bonne spirale. Sa pr\u00e9sence \u00e0 Rome le 1er octobre 2023 pour le triomphe des Europ\u00e9ens face aux Am\u00e9ricains peut constitu\u00e9e ici un atout. Il sera \u00e9galement au d\u00e9part de l\u2019Omega European Masters !<\/p>\n<p>\t\t\t\t\t<a id=\"180462\" href=\"https:\/\/www.makilas-golftour.com\/sejour\/makilas-agadir-2023-2-2\/\" target=\"_blank\" rel=\"sponsorised nofollow noopener\"><img decoding=\"async\" src=\"data:image\/svg+xml,%3Csvg%20xmlns=\" http:=\"\" class=\"img-responsive\" alt=\"\" data-lazy-src=\"https:\/\/www.europesays.com\/fr\/wp-content\/uploads\/2025\/07\/challengeorganisation-e01-rencontres-agadir-1170x275-1.jpeg\"\/><\/a><br \/>\nMatt Fitzpatrick manque son rendez-vous<\/p>\n<p>Finalement sixi\u00e8me de ce British Masters 2025, <strong>Matthew Fitzpatrick<\/strong> a peut-\u00eatre manqu\u00e9 l\u2019occasion de persuader ce m\u00eame Luke Donald de l\u2019inscrire d\u00e8s maintenant sur sa liste des six picks. M\u00eame si ses derni\u00e8res sorties ont \u00e9t\u00e9 solides (4e au Scottish Open et \u00e0 <strong>Portrush<\/strong>). Comme Noren et Nicolai H\u00f8jgaard, l\u2019Anglais vainqueur de l\u2019<strong>U.S. Open 2022<\/strong> \u00e0 <strong>Brookline<\/strong> effectue le voyage dans les Alpes Suisses. Un endroit qu\u2019il appr\u00e9cie \u00f4 combien avec ses deux victoires cons\u00e9cutives en 2017 et 2018.<\/p>\n<p>\t\t\t\t\t<a id=\"180479\" href=\"https:\/\/www.swing.fr\/voyage\/35-14eme-edition-des-doubles-gosset-by-beachcomber\" target=\"_blank\" rel=\"sponsorised nofollow noopener\"><img decoding=\"async\" src=\"data:image\/svg+xml,%3Csvg%20xmlns=\" http:=\"\" class=\"img-responsive\" alt=\"\" data-lazy-src=\"https:\/\/www.europesays.com\/fr\/wp-content\/uploads\/2025\/07\/beachcomber-e01-doubles-gosset-26-1170x275-1.jpg\"\/><\/a><br \/>\nMatt Wallace, le 77 de trop ?\u00a0<\/p>\n<p>Tenant du titre de ce m\u00eame tournoi \u00e0 3,25 millions de dollars de dotation, <strong>Matt Wallace<\/strong> a, en revanche, perdu des points dans cette course \u00e0 la Ryder Cup, laquelle lui avait d\u00e9j\u00e0 ferm\u00e9 la porte au nez en 2018, malgr\u00e9 ses trois victoires cette ann\u00e9e-l\u00e0. L\u2019Anglais a ainsi fini 33e du British Masters avec une derni\u00e8re carte de 77 (+5). A moins d\u2019un miracle dans quelques jours dans le Valais, on ne verra pas le Londonien \u00e0 Bethpage.<\/p>\n<p>Un sc\u00e9nario qui devrait \u00eatre identique, h\u00e9las, pour <strong>Marco Penge<\/strong>, certes sixi\u00e8me au British Masters (avec Matthew Fitzpatrick) mais ce 72 (par) dimanche peut \u00eatre r\u00e9dhibitoire. A lui de tirer ses derni\u00e8res cartouches \u00e0 Crans-sur-Sierre, qui sera d\u00e9cid\u00e9ment l\u2019endroit de tous les espoirs entre jeudi et dimanche prochain.<\/p>\n<p>\t\t\t\t\t<a id=\"174987\" href=\"https:\/\/www.sudfrancegolf.com\/fr\/\" target=\"_blank\" rel=\"sponsorised nofollow noopener\"><img decoding=\"async\" src=\"data:image\/svg+xml,%3Csvg%20xmlns=\" http:=\"\" class=\"img-responsive\" alt=\"\" data-lazy-src=\"https:\/\/www.europesays.com\/fr\/wp-content\/uploads\/2025\/06\/giesudfrancegolf-e02-egolf-pass-2025-v2-1170x275-1.gif\"\/><\/a><br \/>\nPremier top 10 en 2025 pour Guerrier<\/p>\n<p>Une destination que n\u2019a pas coch\u00e9 <strong>Julien Guerrier<\/strong> dans son agenda. Le Rochelais a pourtant r\u00e9alis\u00e9 dans la banlieue de Birmingham l\u2019une de ses meilleures sorties, si ce n\u2019est la meilleure, de l\u2019ann\u00e9e 2025. Pour l\u2019instant en tout cas. En prenant la 8e place \u00e0 -9 (279), il poste ici son premier top 10 depuis sa 6e place au <strong>Nedbank Golf Challenge<\/strong> le 8 d\u00e9cembre 2024\u2026 Au repos pour quelques jours, on le retrouvera au <strong>K-Club<\/strong>, \u00e0 l\u2019<strong>Amgen Irish Open<\/strong> (6 millions de dollars de dotation) avant de poursuivre au <strong>BMW PGA Championship<\/strong> (11-14 septembre).<\/p>\n<p>Dans le top 10 apr\u00e8s trois tours, <strong>Tom Vaillant<\/strong> a malheureusement flanch\u00e9 dans l\u2019emballage final, signant un 74 qui l\u2019oblige \u00e0 reculer au 24e rang \u00e0 -6 (282). Le golfeur de Cannes-Mougins avance n\u00e9anmoins de douze places \u00e0 la Race : 132e. Contrairement \u00e0 Guerrier, il sera au d\u00e9part de l\u2019Omega European Masters, dans sa pr\u00e9cieuse qu\u00eate de sauver sa carte en fin de saison !<\/p>\n<p>\t\t\t\t\t<a id=\"181972\" href=\"https:\/\/www.azurgolftravel.com\/proamdepalsoct25\" target=\"_blank\" rel=\"sponsorised nofollow noopener\"><img decoding=\"async\" src=\"data:image\/svg+xml,%3Csvg%20xmlns=\" http:=\"\" class=\"img-responsive\" alt=\"\" data-lazy-src=\"https:\/\/www.europesays.com\/fr\/wp-content\/uploads\/2025\/08\/azurgolftravel-e01-proam-catalogne-1170x275-1.jpeg\"\/><\/a><br \/>\nLe leaderboard<\/p>\n<p><img loading=\"lazy\" decoding=\"async\" class=\"alignnone wp-image-183216 size-large\" src=\"data:image\/svg+xml,%3Csvg%20xmlns=\" http:=\"\" alt=\"\" width=\"770\" height=\"438\" data-lazy- data-lazy- data-lazy-src=\"https:\/\/www.europesays.com\/fr\/wp-content\/uploads\/2025\/08\/capture1-11-770x438.jpg\"\/><\/p>\n<p><img loading=\"lazy\" decoding=\"async\" class=\"alignnone wp-image-183217 size-large\" src=\"data:image\/svg+xml,%3Csvg%20xmlns=\" http:=\"\" alt=\"\" width=\"770\" height=\"79\" data-lazy- data-lazy- data-lazy-src=\"https:\/\/www.europesays.com\/fr\/wp-content\/uploads\/2025\/08\/capture2-9-770x79.jpg\"\/><\/p>\n<p>Le leaderboard des autres Fran\u00e7ais<\/p>\n<p><img loading=\"lazy\" decoding=\"async\" class=\"alignnone wp-image-183218 size-large\" src=\"data:image\/svg+xml,%3Csvg%20xmlns=\" http:=\"\" alt=\"\" width=\"770\" height=\"578\" data-lazy- data-lazy- data-lazy-src=\"https:\/\/www.europesays.com\/fr\/wp-content\/uploads\/2025\/08\/capture3-7-770x578.jpg\"\/><\/p>\n<p>\t\t\t\t\t<a id=\"182585\" href=\"https:\/\/www.golfcapdagde.com\/\" target=\"_blank\" rel=\"sponsorised nofollow noopener\"><img fetchpriority=\"high\" decoding=\"async\" src=\"https:\/\/www.europesays.com\/fr\/wp-content\/uploads\/2025\/06\/capdagdegolf-e01-experience-golf-1170x275-1.gif\" class=\"img-responsive\" alt=\"\"\/><\/a><\/p>\n<p>Photo :\u00a0 Getty Images<\/p>\n<p>\t\t\t<script async src=\"https:\/\/platform.twitter.com\/widgets.js\" charset=\"utf-8\"><\/script><\/p>\n","protected":false},"excerpt":{"rendered":"Partager cet article Partager la publication \u00ab\u00a02 611 jours plus tard, Alex Noren renoue avec la victoire et&hellip;\n","protected":false},"author":2,"featured_media":341236,"comment_status":"","ping_status":"","sticky":false,"template":"","format":"standard","meta":{"footnotes":""},"categories":[1418],"tags":[1011,27,1472,60],"class_list":{"0":"post-341235","1":"post","2":"type-post","3":"status-publish","4":"format-standard","5":"has-post-thumbnail","7":"category-golf","8":"tag-fr","9":"tag-france","10":"tag-golf","11":"tag-sports"},"share_on_mastodon":{"url":"https:\/\/pubeurope.com\/@fr\/115085322738989178","error":""},"_links":{"self":[{"href":"https:\/\/www.europesays.com\/fr\/wp-json\/wp\/v2\/posts\/341235","targetHints":{"allow":["GET"]}}],"collection":[{"href":"https:\/\/www.europesays.com\/fr\/wp-json\/wp\/v2\/posts"}],"about":[{"href":"https:\/\/www.europesays.com\/fr\/wp-json\/wp\/v2\/types\/post"}],"author":[{"embeddable":true,"href":"https:\/\/www.europesays.com\/fr\/wp-json\/wp\/v2\/users\/2"}],"replies":[{"embeddable":true,"href":"https:\/\/www.europesays.com\/fr\/wp-json\/wp\/v2\/comments?post=341235"}],"version-history":[{"count":0,"href":"https:\/\/www.europesays.com\/fr\/wp-json\/wp\/v2\/posts\/341235\/revisions"}],"wp:featuredmedia":[{"embeddable":true,"href":"https:\/\/www.europesays.com\/fr\/wp-json\/wp\/v2\/media\/341236"}],"wp:attachment":[{"href":"https:\/\/www.europesays.com\/fr\/wp-json\/wp\/v2\/media?parent=341235"}],"wp:term":[{"taxonomy":"category","embeddable":true,"href":"https:\/\/www.europesays.com\/fr\/wp-json\/wp\/v2\/categories?post=341235"},{"taxonomy":"post_tag","embeddable":true,"href":"https:\/\/www.europesays.com\/fr\/wp-json\/wp\/v2\/tags?post=341235"}],"curies":[{"name":"wp","href":"https:\/\/api.w.org\/{rel}","templated":true}]}}