{"id":341241,"date":"2025-08-24T19:14:10","date_gmt":"2025-08-24T19:14:10","guid":{"rendered":"https:\/\/www.europesays.com\/fr\/341241\/"},"modified":"2025-08-24T19:14:10","modified_gmt":"2025-08-24T19:14:10","slug":"marquez-titrable-a-misano","status":"publish","type":"post","link":"https:\/\/www.europesays.com\/fr\/341241\/","title":{"rendered":"Marquez, titrable \u00e0 Misano ?"},"content":{"rendered":"<p>&#13;<\/p>\n<p><strong>S\u2019il inscrit 10\u00a0points de plus que son fr\u00e8re Alex \u00e0 Barcelone, il jouera une premi\u00e8re balle de match \u00e0 Misano.<\/strong><\/p>\n<p>Apr\u00e8s sa 10e victoire en Hongrie, Marc Marquez compte 175\u00a0longueurs d\u2019avance sur son fr\u00e8re Alex au classement g\u00e9n\u00e9ral. Il reste 8\u00a0Grands Prix \u00e0 disputer, soit 296\u00a0points \u00e0 distribuer (37 points par week-end, Sprint + course du dimanche).<\/p>\n<p>Si Marc repart du Grand Prix de Catalogne avec 185\u00a0points d\u2019avance ou plus, il sera math\u00e9matiquement en position d\u2019\u00eatre titr\u00e9 d\u00e8s Misano. Pourquoi\u2009? Parce qu\u2019il resterait alors 6\u00a0Grands Prix (222 points en jeu) et qu\u2019il pourrait quitter Misano avec 222\u00a0points d\u2019avance (185 + 37 = 222), en supposant que son fr\u00e8re n\u2019inscrive pas de points du week-end sur la c\u00f4te Adriatique.\u00a0<\/p>\n<p>Beaucoup de conditions encore, mais les t-shirts doivent \u00eatre pr\u00eats et le Prosecco peut d\u00e9j\u00e0 \u00eatre mis au frais.<\/p>\n<p>&#13;<br \/>\n           &#13;<br \/>\n&#13;<br \/>\n    &#13;<br \/>\n    &#13;<\/p>\n","protected":false},"excerpt":{"rendered":"&#13; S\u2019il inscrit 10\u00a0points de plus que son fr\u00e8re Alex \u00e0 Barcelone, il jouera une premi\u00e8re balle de&hellip;\n","protected":false},"author":2,"featured_media":341242,"comment_status":"","ping_status":"","sticky":false,"template":"","format":"standard","meta":{"footnotes":""},"categories":[1413],"tags":[1011,27,1457,1456,60],"class_list":{"0":"post-341241","1":"post","2":"type-post","3":"status-publish","4":"format-standard","5":"has-post-thumbnail","7":"category-moto","8":"tag-fr","9":"tag-france","10":"tag-moto","11":"tag-motocycle","12":"tag-sports"},"share_on_mastodon":{"url":"https:\/\/pubeurope.com\/@fr\/115085342376577280","error":""},"_links":{"self":[{"href":"https:\/\/www.europesays.com\/fr\/wp-json\/wp\/v2\/posts\/341241","targetHints":{"allow":["GET"]}}],"collection":[{"href":"https:\/\/www.europesays.com\/fr\/wp-json\/wp\/v2\/posts"}],"about":[{"href":"https:\/\/www.europesays.com\/fr\/wp-json\/wp\/v2\/types\/post"}],"author":[{"embeddable":true,"href":"https:\/\/www.europesays.com\/fr\/wp-json\/wp\/v2\/users\/2"}],"replies":[{"embeddable":true,"href":"https:\/\/www.europesays.com\/fr\/wp-json\/wp\/v2\/comments?post=341241"}],"version-history":[{"count":0,"href":"https:\/\/www.europesays.com\/fr\/wp-json\/wp\/v2\/posts\/341241\/revisions"}],"wp:featuredmedia":[{"embeddable":true,"href":"https:\/\/www.europesays.com\/fr\/wp-json\/wp\/v2\/media\/341242"}],"wp:attachment":[{"href":"https:\/\/www.europesays.com\/fr\/wp-json\/wp\/v2\/media?parent=341241"}],"wp:term":[{"taxonomy":"category","embeddable":true,"href":"https:\/\/www.europesays.com\/fr\/wp-json\/wp\/v2\/categories?post=341241"},{"taxonomy":"post_tag","embeddable":true,"href":"https:\/\/www.europesays.com\/fr\/wp-json\/wp\/v2\/tags?post=341241"}],"curies":[{"name":"wp","href":"https:\/\/api.w.org\/{rel}","templated":true}]}}