{"id":341247,"date":"2025-08-24T19:17:08","date_gmt":"2025-08-24T19:17:08","guid":{"rendered":"https:\/\/www.europesays.com\/fr\/341247\/"},"modified":"2025-08-24T19:17:08","modified_gmt":"2025-08-24T19:17:08","slug":"om-la-vie-des-ex-iliman-ndiaye-inscrit-le-premier-but-deverton-dans-son-tout-nouveau-stade-le-hill-dickinson-stadium-la-provence","status":"publish","type":"post","link":"https:\/\/www.europesays.com\/fr\/341247\/","title":{"rendered":"OM &#8211; La vie des ex : Iliman Ndiaye inscrit le premier but d&#039;Everton dans son tout nouveau stade, le Hill Dickinson Stadium &#8211; La Provence"},"content":{"rendered":"<ol>\n<li><a href=\"https:\/\/news.google.com\/rss\/articles\/CBMi_wFBVV95cUxQZGNpMmwyNC1Kb2lZQmFfUi1LcEkxa0FZVVdubXRoaGx6MmhhUEJXQ0l4WFBUemw4YzVVWGI2MFlDSExISUhiNWNQN3F4VzZ3Q1pfZWYwVFJXNWp0Y3RZWDh4UWxweS1hYjhYblBDbXpWTXhjRENOMkRtX1RmS2hDbVFHalBjZkhiNjBJSUY3REs0a29BUzZCaEFkV0RaMzk3NHRHVnBfZThtaEtLZTY5azRDdkptNXJJdDhhV00wa1BNWVRNNzBsb0VYS0pTSU1JU0xsUWVPUjk4RGxnWU1TYTB1Z1pwTUJvdWxLV0pwMTRZQkNmRGxwTXV1SHc5X2c?oc=5\" target=\"_blank\" rel=\"nofollow noopener\">OM &#8211; La vie des ex : Iliman Ndiaye inscrit le premier but d&rsquo;Everton dans son tout nouveau stade, le Hill Dickinson Stadium<\/a>&nbsp;&nbsp;La Provence<\/li>\n<li><a href=\"https:\/\/news.google.com\/rss\/articles\/CBMi1gFBVV95cUxPeGM5RFR0bDNXeTZxcGh3cXZVSl9yZE9KX2llRmJDQjZzWmxZdldZZWZNWXhNU1pIQzEzOE5WMFp6a3pHX2pLWnFpU2ZhMzlLSVRKREozU3JhQjktR2pvOHZNVFBrN3ltcWo4bDctcGFSVUxXRjRBN3gxRXF6M3VSR0lpTUUxT1ZSR2JjZTdneU5BcEdOampxWEN1S1I5RGhLam9HMUE0ZkdNQ2s0QVUxSFJnX0psYmptRTVpVko5R3RDTmNoWERvZHZ0V3BwMFdPWWpHbWZ3?oc=5\" target=\"_blank\" rel=\"nofollow noopener\">Everton domine Brighton en Premier League gr\u00e2ce \u00e0 deux passes d\u00e9cisives de Jack Grealish<\/a>&nbsp;&nbsp;L&rsquo;\u00c9quipe<\/li>\n<li><a href=\"https:\/\/news.google.com\/rss\/articles\/CBMijgJBVV95cUxPSWtSak5lcWN4Y1c0TTJzWEFVa0tKMVpaM3YzTldFZUIySU92cVlMRGxGbjB1eWRWTlo4WE83czl2cnNTM2poM3lSSW9VT093R1dLN2FlaWtLMjJUdW1LbTJtTm40b3RSMVJMWjd3RnI4V2E4NVhDVl9XRTE4MWY0RnJhbG13ZnczdHFjSC15YXI0TDMwOWhla3FFYkdJSUhTOVJKamxMVGNhYk5GNG5lVldRdmNKSHdJNnhScmY4UE0yZVg0NEZ1ZU1KaFVTQTRYYlFueURFR2RkblFWUThsbGpveHcwWUt5MkIxMVZvS2hMRUVodWxCX3lKUXg3ZFRWQUZySmZxcEstNzdEOFE?oc=5\" target=\"_blank\" rel=\"nofollow noopener\">Iliman Ndiaye profite d&rsquo;un caviar de Grealish pour inscrire un but historique dans le nouveau stade d&rsquo;Everton<\/a>&nbsp;&nbsp;RMC Sport<\/li>\n<li><a href=\"https:\/\/news.google.com\/rss\/articles\/CBMi4wFBVV95cUxNMXRVZ2t0YmdXNWstT0JOQXN3QWxjeUEza0owQktSSGlBaFRWbVRfbHFaNnBZTHpKQUZoVV8xMTlEWmRpWEc4RzlNQzNBanJDNFoxYUZYT2g5UUJQZ1lZcmw3UFdZcF9KMUExZG1kQjl0NmNTMWlVY2JHSGVkMkhwLWUyV1k2WjdFZlRFaGc3WFNUa1RNMkNsV096MnpZVHVxSzE2ZGw1UFNYSG5jSmNOVWd3bDJlcHNLSUtOWWM2S2dYWFhrMzZnRi0yLU5iSjFXM2pidmNxNXQxSFo5VkdVT3BZZw?oc=5\" target=\"_blank\" rel=\"nofollow noopener\">Premier League : Everton inaugure son nouveau stade en beaut\u00e9 en s\u2019imposant contre Brighton<\/a>&nbsp;&nbsp;Le Figaro<\/li>\n<li><a href=\"https:\/\/news.google.com\/rss\/articles\/CBMi7AFBVV95cUxPVEJXNWtSRUNPMEVCTGNUVVZXVmxpRl81b1hvLWFJTDBaS3F3VXB0Zm43VkYzRlVENTVJcm82cDdtM3A2STZXOElHeUp4eGZXQ2MzOEk5aTJmd08tV0lJcTNCWWpNUE40aU5Wbkg2WG5JN0RPTWpiSFZURWcxZGxkV3oxZFA3bGM5U2haa2o3UDF5a2UyWVpMV1dCdXE1MzJRUnQyektzbHhQMkVzZWVQc2lsWkR3WjZ6MEc0ZmFFa1pvbUVuU2EzeFBCc1dGcmllSWdOaVZjbkp0Z3VGOUMyb0ZKRHZhaU0tbkU0YQ?oc=5\" target=\"_blank\" rel=\"nofollow noopener\">Football. Tour d&rsquo;Europe : Grealish d\u00e9j\u00e0 d\u00e9cisif avec Everton, la remontada du Bar\u00e7a&#8230; ce qu\u00a0\u00bbil faut retenir du week-end<\/a>&nbsp;&nbsp;Le Republicain Lorrain<\/li>\n<\/ol>\n","protected":false},"excerpt":{"rendered":"OM &#8211; La vie des ex : Iliman Ndiaye inscrit le premier but d&rsquo;Everton dans son tout nouveau&hellip;\n","protected":false},"author":2,"featured_media":1445,"comment_status":"","ping_status":"","sticky":false,"template":"","format":"standard","meta":{"footnotes":""},"categories":[1410],"tags":[63,1011,27,60],"class_list":{"0":"post-341247","1":"post","2":"type-post","3":"status-publish","4":"format-standard","5":"has-post-thumbnail","7":"category-football","8":"tag-football","9":"tag-fr","10":"tag-france","11":"tag-sports"},"share_on_mastodon":{"url":"https:\/\/pubeurope.com\/@fr\/115085354167654686","error":""},"_links":{"self":[{"href":"https:\/\/www.europesays.com\/fr\/wp-json\/wp\/v2\/posts\/341247","targetHints":{"allow":["GET"]}}],"collection":[{"href":"https:\/\/www.europesays.com\/fr\/wp-json\/wp\/v2\/posts"}],"about":[{"href":"https:\/\/www.europesays.com\/fr\/wp-json\/wp\/v2\/types\/post"}],"author":[{"embeddable":true,"href":"https:\/\/www.europesays.com\/fr\/wp-json\/wp\/v2\/users\/2"}],"replies":[{"embeddable":true,"href":"https:\/\/www.europesays.com\/fr\/wp-json\/wp\/v2\/comments?post=341247"}],"version-history":[{"count":0,"href":"https:\/\/www.europesays.com\/fr\/wp-json\/wp\/v2\/posts\/341247\/revisions"}],"wp:featuredmedia":[{"embeddable":true,"href":"https:\/\/www.europesays.com\/fr\/wp-json\/wp\/v2\/media\/1445"}],"wp:attachment":[{"href":"https:\/\/www.europesays.com\/fr\/wp-json\/wp\/v2\/media?parent=341247"}],"wp:term":[{"taxonomy":"category","embeddable":true,"href":"https:\/\/www.europesays.com\/fr\/wp-json\/wp\/v2\/categories?post=341247"},{"taxonomy":"post_tag","embeddable":true,"href":"https:\/\/www.europesays.com\/fr\/wp-json\/wp\/v2\/tags?post=341247"}],"curies":[{"name":"wp","href":"https:\/\/api.w.org\/{rel}","templated":true}]}}