{"id":341248,"date":"2025-08-24T19:18:11","date_gmt":"2025-08-24T19:18:11","guid":{"rendered":"https:\/\/www.europesays.com\/fr\/341248\/"},"modified":"2025-08-24T19:18:11","modified_gmt":"2025-08-24T19:18:11","slug":"physiquement-cest-tres-dur-a-91-ans-la-star-pierre-richard-prend-une-decision-radicale","status":"publish","type":"post","link":"https:\/\/www.europesays.com\/fr\/341248\/","title":{"rendered":"\u00ab\u00a0Physiquement, c&rsquo;est tr\u00e8s dur\u00a0\u00bb\u00a0: \u00e0 91 ans, la star Pierre Richard prend une d\u00e9cision radicale"},"content":{"rendered":"<p class=\"ap-StoryElement ap-StoryElement--mb ap-StoryText\">Le cultissime Grand Blond ne tire pas encore totalement sa r\u00e9v\u00e9rence du septi\u00e8me art\u2026 mais presque.<\/p>\n<p class=\"ap-StoryElement ap-StoryElement--mb ap-StoryText\">Celui qui formait un duo mythique avec G\u00e9rard Depardieu dans La Ch\u00e8vre ou Les Fugitifs dans les ann\u00e9es 80 a pris une d\u00e9cision radicale pour sa fin de carri\u00e8re. Connu aussi pour \u00eatre pass\u00e9 plusieurs fois derri\u00e8re la cam\u00e9ra comme avec Le Distrait ou Je suis timide mais je me soigne arr\u00eate en effet la r\u00e9alisation. \u00ab\u00a0Je crois que je n&rsquo;en ferai plus parce que physiquement, une aventure de deux ans et demi c&rsquo;est quand m\u00eame tr\u00e8s dur, a expliqu\u00e9 la star de 91 ans \u00e0 Monaco Matin ce 23 ao\u00fbt. \u00c0 mon \u00e2ge, c&rsquo;est tellement plus facile d&rsquo;\u00eatre com\u00e9dien. Je pourrais faire trois films par an tranquillement en m&rsquo;asseyant sur une chaise entre deux plans\u00a0\u00bb.<\/p>\n","protected":false},"excerpt":{"rendered":"Le cultissime Grand Blond ne tire pas encore totalement sa r\u00e9v\u00e9rence du septi\u00e8me art\u2026 mais presque. Celui qui&hellip;\n","protected":false},"author":2,"featured_media":341249,"comment_status":"","ping_status":"","sticky":false,"template":"","format":"standard","meta":{"footnotes":""},"categories":[1359],"tags":[58,59,1011,27,973,9026],"class_list":{"0":"post-341248","1":"post","2":"type-post","3":"status-publish","4":"format-standard","5":"has-post-thumbnail","7":"category-people","8":"tag-divertissement","9":"tag-entertainment","10":"tag-fr","11":"tag-france","12":"tag-people","13":"tag-portrait"},"share_on_mastodon":{"url":"https:\/\/pubeurope.com\/@fr\/115085358129789206","error":""},"_links":{"self":[{"href":"https:\/\/www.europesays.com\/fr\/wp-json\/wp\/v2\/posts\/341248","targetHints":{"allow":["GET"]}}],"collection":[{"href":"https:\/\/www.europesays.com\/fr\/wp-json\/wp\/v2\/posts"}],"about":[{"href":"https:\/\/www.europesays.com\/fr\/wp-json\/wp\/v2\/types\/post"}],"author":[{"embeddable":true,"href":"https:\/\/www.europesays.com\/fr\/wp-json\/wp\/v2\/users\/2"}],"replies":[{"embeddable":true,"href":"https:\/\/www.europesays.com\/fr\/wp-json\/wp\/v2\/comments?post=341248"}],"version-history":[{"count":0,"href":"https:\/\/www.europesays.com\/fr\/wp-json\/wp\/v2\/posts\/341248\/revisions"}],"wp:featuredmedia":[{"embeddable":true,"href":"https:\/\/www.europesays.com\/fr\/wp-json\/wp\/v2\/media\/341249"}],"wp:attachment":[{"href":"https:\/\/www.europesays.com\/fr\/wp-json\/wp\/v2\/media?parent=341248"}],"wp:term":[{"taxonomy":"category","embeddable":true,"href":"https:\/\/www.europesays.com\/fr\/wp-json\/wp\/v2\/categories?post=341248"},{"taxonomy":"post_tag","embeddable":true,"href":"https:\/\/www.europesays.com\/fr\/wp-json\/wp\/v2\/tags?post=341248"}],"curies":[{"name":"wp","href":"https:\/\/api.w.org\/{rel}","templated":true}]}}