{"id":341250,"date":"2025-08-24T19:19:10","date_gmt":"2025-08-24T19:19:10","guid":{"rendered":"https:\/\/www.europesays.com\/fr\/341250\/"},"modified":"2025-08-24T19:19:10","modified_gmt":"2025-08-24T19:19:10","slug":"un-atelier-peinture-ouvert-a-tous-dans-le-cotentin","status":"publish","type":"post","link":"https:\/\/www.europesays.com\/fr\/341250\/","title":{"rendered":"Un atelier peinture ouvert \u00e0 tous dans le Cotentin"},"content":{"rendered":"<p>            Par<br \/>\n        <strong><br \/>\n            <a href=\"https:\/\/actu.fr\/auteur\/redaction-pressemanche\" title=\"Consulter tous les articles de R\u00e9daction La Presse de la Manche\" rel=\"nofollow noopener\" target=\"_blank\">R\u00e9daction La Presse de la Manche<\/a><br \/>\n        <\/strong><\/p>\n<p>        Publi\u00e9 le<\/p>\n<p>            24 ao\u00fbt 2025 \u00e0 17h14        <\/p>\n<p><b>Mercredi 27\u00a0ao\u00fbt 2025, \u00e0 14\u2009h\u200930,<\/b> la biblioth\u00e8que de <a href=\"https:\/\/actu.fr\/normandie\/flamanville_50184\" rel=\"nofollow noopener\" target=\"_blank\">Flamanville<\/a> (<a href=\"https:\/\/actu.fr\/normandie\/manche_50\" rel=\"nofollow noopener\" target=\"_blank\">Manche<\/a>) invite \u00e0 troquer la routine contre un pinceau. Dans la salle attenante, un<b> atelier peinture anim\u00e9 par l\u2019artiste Marie Lechanoine <\/b>ouvrira ses portes \u00e0 tous, aux novices comme \u00e0 ceux qui sont d\u00e9j\u00e0 familiers des toiles.<\/p>\n<p class=\" wall-content\">Avec Marie, inutile de craindre la feuille blanche. Elle accompagne chacun dans ses envies, <b>oriente sur les techniques, aide \u00e0 choisir un sujet et, surtout, encourage \u00e0 l\u00e2cher prise.<\/b><\/p>\n<p>Deux heures<\/p>\n<p class=\" wall-content\">La peinture est comme un langage universel, capable de dire ce que les mots taisent. Ce qui attend les participants, ce sont <b>deux heures <\/b>de cr\u00e9ation, de partage et de couleurs, <b>sans pr\u00e9requis ni mat\u00e9riel \u00e0 acheter.<\/b> Les bases sont fournies, il suffit de venir avec l\u2019envie d\u2019exp\u00e9rimenter.<\/p>\n<p class=\" wall-content\">L\u2019atelier est ouvert aux adolescents et aux adultes<b> une fois par mois.<\/b><\/p>\n<p>Pour s\u2019inscrire ou en savoir plus\u2009: biblioth\u00e8que municipale (au rez-de-chauss\u00e9e de la Maison des associations), t\u00e9l. 02\u200933\u200952\u200960\u200907\u2009; e-mail\u2009: <a href=\"https:\/\/actu.fr\/cdn-cgi\/l\/email-protection\" class=\"__cf_email__\" data-cfemail=\"e88a818a8481879c808d999d8da88e84898589869e8184848dc68e9a\" rel=\"nofollow noopener\" target=\"_blank\">[email\u00a0protected]<\/a>.<\/p>\n<p class=\" wall-content\">Personnalisez votre actualit\u00e9 en ajoutant vos villes et m\u00e9dias en favori avec <a href=\"https:\/\/moncompte.actu.fr\" title=\"D\u00e9couvez Mon Actu\" rel=\"nofollow noopener\" data-trk=\"{&quot;cta&quot;:{&quot;action&quot;:&quot;https:\\\/\\\/moncompte.actu.fr&quot;,&quot;category&quot;:&quot;mon compte&quot;,&quot;from&quot;:&quot;article footer&quot;,&quot;name&quot;:&quot;Mon actu&quot;,&quot;type&quot;:&quot;cta&quot;}}\" target=\"_blank\">Mon Actu<\/a>.<\/p>\n","protected":false},"excerpt":{"rendered":"Par R\u00e9daction La Presse de la Manche Publi\u00e9 le 24 ao\u00fbt 2025 \u00e0 17h14 Mercredi 27\u00a0ao\u00fbt 2025, \u00e0&hellip;\n","protected":false},"author":2,"featured_media":341251,"comment_status":"","ping_status":"","sticky":false,"template":"","format":"standard","meta":{"footnotes":""},"categories":[1358],"tags":[1063,1348,1384,1385,3168,1386,58,59,1011,27,1652],"class_list":{"0":"post-341250","1":"post","2":"type-post","3":"status-publish","4":"format-standard","5":"has-post-thumbnail","7":"category-arts-et-design","8":"tag-animations","9":"tag-arts","10":"tag-arts-and-design","11":"tag-arts-et-design","12":"tag-cotentin","13":"tag-design","14":"tag-divertissement","15":"tag-entertainment","16":"tag-fr","17":"tag-france","18":"tag-loisirs-culture"},"share_on_mastodon":{"url":"https:\/\/pubeurope.com\/@fr\/115085362031728317","error":""},"_links":{"self":[{"href":"https:\/\/www.europesays.com\/fr\/wp-json\/wp\/v2\/posts\/341250","targetHints":{"allow":["GET"]}}],"collection":[{"href":"https:\/\/www.europesays.com\/fr\/wp-json\/wp\/v2\/posts"}],"about":[{"href":"https:\/\/www.europesays.com\/fr\/wp-json\/wp\/v2\/types\/post"}],"author":[{"embeddable":true,"href":"https:\/\/www.europesays.com\/fr\/wp-json\/wp\/v2\/users\/2"}],"replies":[{"embeddable":true,"href":"https:\/\/www.europesays.com\/fr\/wp-json\/wp\/v2\/comments?post=341250"}],"version-history":[{"count":0,"href":"https:\/\/www.europesays.com\/fr\/wp-json\/wp\/v2\/posts\/341250\/revisions"}],"wp:featuredmedia":[{"embeddable":true,"href":"https:\/\/www.europesays.com\/fr\/wp-json\/wp\/v2\/media\/341251"}],"wp:attachment":[{"href":"https:\/\/www.europesays.com\/fr\/wp-json\/wp\/v2\/media?parent=341250"}],"wp:term":[{"taxonomy":"category","embeddable":true,"href":"https:\/\/www.europesays.com\/fr\/wp-json\/wp\/v2\/categories?post=341250"},{"taxonomy":"post_tag","embeddable":true,"href":"https:\/\/www.europesays.com\/fr\/wp-json\/wp\/v2\/tags?post=341250"}],"curies":[{"name":"wp","href":"https:\/\/api.w.org\/{rel}","templated":true}]}}