{"id":341252,"date":"2025-08-24T19:20:11","date_gmt":"2025-08-24T19:20:11","guid":{"rendered":"https:\/\/www.europesays.com\/fr\/341252\/"},"modified":"2025-08-24T19:20:11","modified_gmt":"2025-08-24T19:20:11","slug":"bonne-fortune-pour-le-4e-salon-du-livre-et-des-arts-a-villefranche-de-conflent","status":"publish","type":"post","link":"https:\/\/www.europesays.com\/fr\/341252\/","title":{"rendered":"Bonne fortune pour le 4e salon du livre et des arts \u00e0 Villefranche-de-Conflent"},"content":{"rendered":"<p>\n                                                                Un rendez-vous couronn\u00e9 de succ\u00e8s.\n                            <\/p>\n<p>La 4e \u00e9dition du salon du livre et des arts s\u2019est d\u00e9roul\u00e9e intra-muros. Cet \u00e9v\u00e9nement organis\u00e9 par le Cercle des auteurs catalans (CAC), en partenariat avec la municipalit\u00e9 et la boutique du champignon est un succ\u00e8s une fois de plus ! Les trente auteurs et dix artistes qui se sont install\u00e9s sur la place du G\u00e9nie ont accueilli un grand nombre de visiteurs en cette p\u00e9riode estivale et cela toujours dans un esprit d\u2019ouverture et de partage.<\/p>\n<p>Une \u00e9dition soulign\u00e9e par le retour d\u2019un jeune auteur local : Adrien Baillayre, jeune journaliste et \u00e9crivain originaire de Vernet-les-Bains, \u00e9tait pr\u00e9sent pour inaugurer son 3e et dernier ouvrage, Spleen d\u2019une nouvelle g\u00e9n\u00e9ration. Issu d\u2019une enqu\u00eate litt\u00e9raire au long cours, ce livre dresse un portrait sensible et percutant de la jeunesse contemporaine, entre espoirs, d\u00e9sillusions, r\u00e9voltes et bouleversements soci\u00e9taux. Une voix singuli\u00e8re, nourrie d\u2019urgences intimes et collectives, qui interroge notre \u00e9poque avec justesse.  \u00ab\u00a0Villefranche-de-Conflent est un mus\u00e9e \u00e0 ciel ouvert, c\u2019est notre plus beau salon et le plus ancien depuis l\u2019existence du Cercle des auteurs catalans. Le plus demand\u00e9 aussi par les adh\u00e9rents. Nous avons toujours un public pr\u00e9sent et enthousiaste, autant des touristes que les locaux. Nous esp\u00e9rons que la 5e \u00e9dition du salon du livre de Villefranche-de-Conflent perdure et que ce salon fera toujours partie de notre programmation\u00a0\u00bb.<\/p>\n<p>Apr\u00e8s cette 4e \u00e9dition dans la cit\u00e9 de Vauban, la 5e \u00e9dition du salon du Cercle des auteurs catalans sera accueillie par Saint-Cyprien<b> le samedi 30 ao\u00fbt<\/b> sur le front de mer, quai Arthur-Rimbaud.<\/p>\n","protected":false},"excerpt":{"rendered":"Un rendez-vous couronn\u00e9 de succ\u00e8s. La 4e \u00e9dition du salon du livre et des arts s\u2019est d\u00e9roul\u00e9e intra-muros.&hellip;\n","protected":false},"author":2,"featured_media":341253,"comment_status":"","ping_status":"","sticky":false,"template":"","format":"standard","meta":{"footnotes":""},"categories":[1357],"tags":[1379,58,59,1011,27,1380],"class_list":{"0":"post-341252","1":"post","2":"type-post","3":"status-publish","4":"format-standard","5":"has-post-thumbnail","7":"category-livres","8":"tag-books","9":"tag-divertissement","10":"tag-entertainment","11":"tag-fr","12":"tag-france","13":"tag-livres"},"share_on_mastodon":{"url":"https:\/\/pubeurope.com\/@fr\/115085366003210487","error":""},"_links":{"self":[{"href":"https:\/\/www.europesays.com\/fr\/wp-json\/wp\/v2\/posts\/341252","targetHints":{"allow":["GET"]}}],"collection":[{"href":"https:\/\/www.europesays.com\/fr\/wp-json\/wp\/v2\/posts"}],"about":[{"href":"https:\/\/www.europesays.com\/fr\/wp-json\/wp\/v2\/types\/post"}],"author":[{"embeddable":true,"href":"https:\/\/www.europesays.com\/fr\/wp-json\/wp\/v2\/users\/2"}],"replies":[{"embeddable":true,"href":"https:\/\/www.europesays.com\/fr\/wp-json\/wp\/v2\/comments?post=341252"}],"version-history":[{"count":0,"href":"https:\/\/www.europesays.com\/fr\/wp-json\/wp\/v2\/posts\/341252\/revisions"}],"wp:featuredmedia":[{"embeddable":true,"href":"https:\/\/www.europesays.com\/fr\/wp-json\/wp\/v2\/media\/341253"}],"wp:attachment":[{"href":"https:\/\/www.europesays.com\/fr\/wp-json\/wp\/v2\/media?parent=341252"}],"wp:term":[{"taxonomy":"category","embeddable":true,"href":"https:\/\/www.europesays.com\/fr\/wp-json\/wp\/v2\/categories?post=341252"},{"taxonomy":"post_tag","embeddable":true,"href":"https:\/\/www.europesays.com\/fr\/wp-json\/wp\/v2\/tags?post=341252"}],"curies":[{"name":"wp","href":"https:\/\/api.w.org\/{rel}","templated":true}]}}