{"id":341256,"date":"2025-08-24T19:22:12","date_gmt":"2025-08-24T19:22:12","guid":{"rendered":"https:\/\/www.europesays.com\/fr\/341256\/"},"modified":"2025-08-24T19:22:12","modified_gmt":"2025-08-24T19:22:12","slug":"la-rentree-de-radio-france-pourrait-tourner-au-vinaigre-ce-lundi","status":"publish","type":"post","link":"https:\/\/www.europesays.com\/fr\/341256\/","title":{"rendered":"La rentr\u00e9e de Radio France pourrait tourner au vinaigre, ce lundi"},"content":{"rendered":"<p><a href=\"https:\/\/www.lalibre.be\/culture\/medias-tele\/2025\/08\/24\/benjamin-duhamel-prend-la-releve-de-lea-salame-sur-france-inter-et-devient-le-rival-sa-propre-compagne-MH277DCPSRFSNMV3S77HLOKRTI\/\" target=\"_blank\" rel=\"noopener noreferrer\" class=\"ap-StoryInterstitialLink ap-StoryElement ap-StoryElement--mb js-paywall-target\">Benjamin Duhamel prend la rel\u00e8ve de L\u00e9a Salam\u00e9 sur France Inter, et devient le rival sa propre compagne<\/a>Le dialogue se poursuit<\/p>\n<p class=\"ap-StoryElement ap-StoryElement--mb ap-StoryText\">Selon que l&rsquo;appel sera plus ou moins suivi par le personnel ce lundi et dans les jours \u00e0 venir, la rentr\u00e9e des antennes du groupe public (France Inter, France Culture, France Info, France Bleu, France Musique et Mouv&rsquo;) pourrait \u00eatre perturb\u00e9e. La matinale de France Inter, la plus \u00e9cout\u00e9e de l&rsquo;Hexagone, doit notamment accueillir, ce lundi matin, Benjamin Duhamel. Ce transfuge de BFMTV a \u00e9t\u00e9 recrut\u00e9 pour remplacer L\u00e9a Salam\u00e9, partie vers le \u00ab\u00a020 heures\u00a0\u00bb de France 2, aux c\u00f4t\u00e9s de Nicolas Demorand.<\/p>\n<p class=\"ap-StoryElement ap-StoryElement--mb ap-StoryText\">Le pr\u00e9avis de gr\u00e8ve illimit\u00e9e, d\u00e9pos\u00e9 peu avant les vacances par l&rsquo;intersyndicale de Radio France, cible plusieurs r\u00e9formes, dont l&rsquo;arr\u00eat de la radio Mouv&rsquo; sur la FM dans les prochains mois, des changements \u00e9ditoriaux au sein d&rsquo;Ici (ex-France Bleu, le r\u00e9seau des radios locales publiques) et l&rsquo;arr\u00eat d&rsquo;\u00e9missions d&rsquo;investigation et de reportage.<\/p>\n<blockquote class=\"ap-StoryQuote ap-StoryQuote--pullquote\"><p>guillement<\/p>\n<p class=\"ap-StoryQuote-text\">\u00ab\u00a0Madame la pr\u00e9sidente [\u2026], pour la premi\u00e8re fois de notre histoire r\u00e9cente, la rentr\u00e9e radiophonique pourrait ne pas avoir lieu.\u00a0\u00bb<\/p>\n<\/blockquote>\n<p><a href=\"https:\/\/www.lalibre.be\/culture\/medias-tele\/2025\/06\/19\/lea-salame-aux-commandes-du-20h-de-france-2-france-inter-va-devoir-reconstruire-sa-matinale-pour-la-rentree-3QWLTH7JLBASDHUKK3OIT3XCUE\/\" target=\"_blank\" rel=\"noopener noreferrer\" class=\"ap-StoryInterstitialLink ap-StoryElement ap-StoryElement--mb\">L\u00e9a Salam\u00e9 aux commandes du 20h de France 2 : France Inter va devoir reconstruire sa matinale pour la rentr\u00e9e<\/a><\/p>\n<p class=\"ap-StoryElement ap-StoryElement--mb ap-StoryText\">\u00ab\u00a0Madame la pr\u00e9sidente [\u2026], pour la premi\u00e8re fois de notre histoire r\u00e9cente, la rentr\u00e9e radiophonique pourrait ne pas avoir lieu\u00a0\u00bb, ont menac\u00e9 les syndicats (CFDT, CGT, FO, SNJ, SUD et UNSA) dans un communiqu\u00e9 commun publi\u00e9 jeudi dernier. Des discussions men\u00e9es vendredi avec la direction n&rsquo;ont pas abouti \u00e0 la lev\u00e9e du pr\u00e9avis.<\/p>\n<p class=\"ap-StoryElement ap-StoryElement--mb ap-StoryText\">\u00ab\u00a0Pour l&rsquo;heure, la direction refuse la moindre concession ou de revenir sur les projets les plus n\u00e9fastes pour les \u00e9quipes et les antennes\u00a0\u00bb, ont d\u00e9plor\u00e9 les syndicats, dans des propos r\u00e9percut\u00e9s par l&rsquo;AFP. La direction du groupe a assur\u00e9, samedi, avoir \u00ab\u00a0fait des propositions sur les diff\u00e9rents sujets en cours de discussion, dans l&rsquo;objectif d&rsquo;une lev\u00e9e du pr\u00e9avis\u00a0\u00bb. Une nouvelle rencontre est pr\u00e9vue ce lundi pour tenter de d\u00e9samorcer les tensions.<\/p>\n<p>France T\u00e9l\u00e9visions doit se serrer la ceinture<\/p>\n<p class=\"ap-StoryElement ap-StoryElement--mb ap-StoryText\">La grogne sociale touche \u00e9galement France T\u00e9l\u00e9visions, autre grand pilier des m\u00e9dias publics fran\u00e7ais. Les raisons en sont multiples : le projet de r\u00e9forme de l&rsquo;audiovisuel public port\u00e9 par la ministre de la Culture, Rachida Dati ; la r\u00e9cente d\u00e9nonciation de l&rsquo;accord collectif \u00e0 France T\u00e9l\u00e9visions ; et de nouvelles mesures d&rsquo;\u00e9conomies cons\u00e9cutives \u00e0 une r\u00e9duction des moyens financiers octroy\u00e9s \u00e0 France T\u00e9l\u00e9visions.<\/p>\n<p class=\"ap-StoryElement ap-StoryElement--mb ap-StoryText\">Le projet de r\u00e9forme de l&rsquo;audiovisuel public pr\u00e9voit de cr\u00e9er une holding, France M\u00e9dias, qui chapeauterait France T\u00e9l\u00e9visions, Radio France et l&rsquo;INA (Institut national de l&rsquo;audiovisuel). Apr\u00e8s un parcours parlementaire heurt\u00e9 (d\u00e9but juillet, la ministre Dati \u00e9tait pass\u00e9e en force au S\u00e9nat), ce texte doit revenir en deuxi\u00e8me lecture \u00e0 l&rsquo;Assembl\u00e9e nationale \u00e0 la fin septembre ou en octobre.<\/p>\n<p><a href=\"https:\/\/www.lalibre.be\/culture\/medias-tele\/2025\/08\/12\/le-patron-de-lina-interpelle-fin-juillet-pour-lachat-de-cocaine-a-paris-TZB5LEB3OBAS3EPDBPZ4YHVSMU\/\" target=\"_blank\" rel=\"noopener noreferrer\" class=\"ap-StoryInterstitialLink ap-StoryElement ap-StoryElement--mb\">Le patron de l&rsquo;Ina suspendu de ses fonctions par Dati apr\u00e8s avoir achet\u00e9 de la coca\u00efne<\/a><\/p>\n<p class=\"ap-StoryElement ap-StoryElement--mb ap-StoryText\">Le 9 juillet, la pr\u00e9sidente de France T\u00e9l\u00e9visions, Delphine Ernotte Cunci, avait en outre d\u00e9nonc\u00e9 l&rsquo;accord collectif (qui fixe notamment le temps de travail et d\u00e9finit les m\u00e9tiers) datant de 2013<b>, <\/b>conform\u00e9ment \u00e0 l&rsquo;engagement qu&rsquo;elle avait pris devant l&rsquo;Autorit\u00e9 de r\u00e9gulation de la communication audiovisuelle et num\u00e9rique (Arcom) en mai. De quoi provoquer l&rsquo;ire syndicale, certains avertissant que le troisi\u00e8me mandat de Delphine Ernotte Cunci allait \u00eatre celui \u00ab\u00a0de la confrontation\u00a0\u00bb.<\/p>\n<p class=\"ap-StoryElement ap-StoryElement--mb ap-StoryText\">Ces tensions sociales ont lieu, enfin, dans un contexte budg\u00e9taire o\u00f9 les m\u00e9dias publics sont pri\u00e9s, par le gouvernement Bayrou, de se serrer encore davantage la ceinture. D\u00e9but juillet, la patronne de France T\u00e9l\u00e9visions a d&rsquo;ailleurs annonc\u00e9 l&rsquo;arr\u00eat de certaines \u00e9missions ou et la suspension de projets en cours.<\/p>\n","protected":false},"excerpt":{"rendered":"Benjamin Duhamel prend la rel\u00e8ve de L\u00e9a Salam\u00e9 sur France Inter, et devient le rival sa propre compagneLe&hellip;\n","protected":false},"author":2,"featured_media":341257,"comment_status":"","ping_status":"","sticky":false,"template":"","format":"standard","meta":{"footnotes":""},"categories":[1355],"tags":[4763,26131,58,59,1011,27,6151,664,1361,873,35092,1825,104],"class_list":{"0":"post-341256","1":"post","2":"type-post","3":"status-publish","4":"format-standard","5":"has-post-thumbnail","7":"category-musique","8":"tag-agenda","9":"tag-brief","10":"tag-divertissement","11":"tag-entertainment","12":"tag-fr","13":"tag-france","14":"tag-greve","15":"tag-israel","16":"tag-music","17":"tag-musique","18":"tag-personnalites","19":"tag-radio","20":"tag-societe"},"share_on_mastodon":{"url":"https:\/\/pubeurope.com\/@fr\/115085374042731089","error":""},"_links":{"self":[{"href":"https:\/\/www.europesays.com\/fr\/wp-json\/wp\/v2\/posts\/341256","targetHints":{"allow":["GET"]}}],"collection":[{"href":"https:\/\/www.europesays.com\/fr\/wp-json\/wp\/v2\/posts"}],"about":[{"href":"https:\/\/www.europesays.com\/fr\/wp-json\/wp\/v2\/types\/post"}],"author":[{"embeddable":true,"href":"https:\/\/www.europesays.com\/fr\/wp-json\/wp\/v2\/users\/2"}],"replies":[{"embeddable":true,"href":"https:\/\/www.europesays.com\/fr\/wp-json\/wp\/v2\/comments?post=341256"}],"version-history":[{"count":0,"href":"https:\/\/www.europesays.com\/fr\/wp-json\/wp\/v2\/posts\/341256\/revisions"}],"wp:featuredmedia":[{"embeddable":true,"href":"https:\/\/www.europesays.com\/fr\/wp-json\/wp\/v2\/media\/341257"}],"wp:attachment":[{"href":"https:\/\/www.europesays.com\/fr\/wp-json\/wp\/v2\/media?parent=341256"}],"wp:term":[{"taxonomy":"category","embeddable":true,"href":"https:\/\/www.europesays.com\/fr\/wp-json\/wp\/v2\/categories?post=341256"},{"taxonomy":"post_tag","embeddable":true,"href":"https:\/\/www.europesays.com\/fr\/wp-json\/wp\/v2\/tags?post=341256"}],"curies":[{"name":"wp","href":"https:\/\/api.w.org\/{rel}","templated":true}]}}