{"id":341258,"date":"2025-08-24T19:23:11","date_gmt":"2025-08-24T19:23:11","guid":{"rendered":"https:\/\/www.europesays.com\/fr\/341258\/"},"modified":"2025-08-24T19:23:11","modified_gmt":"2025-08-24T19:23:11","slug":"cinema-la-comedie-ratee-papamobile-avec-kad-merad-peut-elle-devenir-culte","status":"publish","type":"post","link":"https:\/\/www.europesays.com\/fr\/341258\/","title":{"rendered":"Cin\u00e9ma. La com\u00e9die rat\u00e9e Papamobile, avec Kad Merad, peut-elle devenir culte\u00a0?"},"content":{"rendered":"<p>Samedi soir, une petite file s\u2019est form\u00e9e au guichet du Luminor, le dernier cin\u00e9ma du quartier du Marais, \u00e0 Paris. Les amateurs s\u00e9rieux d\u2019art &amp; essai connaissent bien ce minuscule cin\u00e9ma de deux salles. Les cin\u00e9philes s\u2019inqui\u00e8tent aujourd\u2019hui, alors qu\u2019il est menac\u00e9 de fermeture par les propri\u00e9taires des murs. Une proc\u00e9dure d&rsquo;\u00e9viction de l\u2019exploitant est en cours.<\/p>\n<p>Seulement 190 spectateurs&#8230; en une semaine<\/p>\n<p>En ce samedi doux d\u2018\u00e9t\u00e9, le Luminor programme dans la petite salle 1 Papamobile, de Sylvain Estibal. Une cinquantaine de spectateurs de tous \u00e2ges sont venus voir le navet avec <a href=\"https:\/\/www.ledauphine.com\/p\/kad-merad\" target=\"_blank\" rel=\"nofollow noopener\">Kad Merad<\/a>, un four, qui a attir\u00e9 190 spectateurs pour sa premi\u00e8re semaine d\u2019exploitation, dans sept salles en France. Sept salles seulement, soit ce que dans le jargon du cin\u00e9ma on appelle une sortie technique, autrement dit tr\u00e8s limit\u00e9e, confidentielle, sans pub ni promotion par les talents, sans projection \u00e0 la presse non plus.<\/p>\n<p>Le distributeur The Jokers s\u2019est acquitt\u00e9 a minima de ses obligations contractuelles de sortie en salles, alors que le Centre national du cin\u00e9ma a aid\u00e9 au d\u00e9veloppement du film \u00e0 hauteur de quelques dizaines de milliers d\u2019euros, sur un budget global de 1,2\u00a0million.<\/p>\n<p>Une mauvaise publicit\u00e9 reste une publicit\u00e9<\/p>\n<p>\u00ab\u00a0Le film est mauvais. Arriv\u00e9s au bout du montage, on a compris qu\u2019il n\u2019y avait pas d\u2019issue, qu\u2019on n\u2019arriverait pas \u00e0 en tirer quelque chose qui tienne la route\u00a0\u00bb, assume le pr\u00e9sident de The Jokers, Manuel Chiche. Jean Br\u00e9hat, le producteur d\u00e9l\u00e9gu\u00e9, de Tessalit productions, dit la m\u00eame chose\u00a0: \u00ab\u00a0J\u2019avoue, c\u2019est rat\u00e9. \u00bb<\/p>\n<p>Le bad buzz autour du bide de l\u2018\u00e9t\u00e9, d\u2019autant plus visible qu\u2019il met en sc\u00e8ne un acteur populaire, a cr\u00e9\u00e9 un buzz positif. The Jokers nous confirme que \u00ab\u00a0le film sera bient\u00f4t pr\u00e9sent sur 39 copies\u00a0\u00bb. Certains petits films ind\u00e9pendants ne b\u00e9n\u00e9ficient la plupart du temps de gu\u00e8re plus d\u2019\u00e9crans. \u00ab\u00a0On ne sait pas, peut-\u00eatre que les gens vont finir par trouver \u00e7a bien. Ou \u00e7a va peut-\u00eatre faire partie de ces films que tout le monde finalement veut voir, pour savoir\u00a0\u00bb, l\u00e2che Manuel Chiche.<\/p>\n<p>\u00ab Il n&rsquo;y a pas de miracle\u00a0\u00bb, \u00ab mal jou\u00e9\u00a0\u00bb&#8230;<\/p>\n<p>\u00c0 la sortie du Luminor, apr\u00e8s 1\u00a0h\u00a026 de purge \u00e0 suivre les aventures abracadabrantesques de <a href=\"https:\/\/www.ledauphine.com\/culture-loisirs\/2025\/02\/12\/le-dernier-souffle-costa-gavras-s-attaque-a-la-fin-de-vie-avec-kad-merad-et-denis-podalydes\" target=\"_blank\" rel=\"nofollow noopener\">Kad Merad<\/a> dans le double r\u00f4le grotesque d\u2019un vrai pape et d\u2019un faux pape, entre le Mexique et le Vatican, les spectateurs sont presque tous raccords\u00a0; \u00ab\u00a0Il n\u2019y a pas de miracle\u00a0\u00bb\u00a0; \u00ab\u00a0C\u2019est foireux\u00a0\u00bb, \u00ab\u00a0C\u2019est tr\u00e8s mal mis en sc\u00e8ne\u00a0\u00bb. Certains absolvent le navet mal \u00e9crit, mal film\u00e9, mal jou\u00e9, de sa nullit\u00e9\u00a0: \u00ab\u00a0Il n\u2019y a pas tant de com\u00e9dies que \u00e7a sur l\u2018\u00e9glise\u00a0\u00bb\u00a0; \u00ab\u00a0Oh on a d\u00e9j\u00e0 vu pire\u00a0\u00bb.<\/p>\n<p>Pas de miracle, mais, rien d\u2019une cur\u00e9e face \u00e0 l\u2019incurie du film. Avant que les lumi\u00e8res ne se rallument dans la petite salle du Luminor, la s\u00e9ance a \u00e9t\u00e9 applaudie. Et pendant le film, il y a eu des grands \u00e9clats de rire et quelques mains pour taper leur joie devant cette histoire improbable, tellement too much. Comme au moment de cette sc\u00e8ne folle &#8211; bient\u00f4t d\u2019anthologie\u00a0?-, dans laquelle le faux pape jou\u00e9 par Kad Merad suce les pieds de cardinaux qui y prennent un plaisir f\u00e9tichiste tr\u00e8s sexuel\u2026<\/p>\n<p>La b\u00e9n\u00e9diction des nanarophiles<\/p>\n<p>Rien que pour cette sc\u00e8ne, Kad Merad, dont la carri\u00e8re au cin\u00e9ma patine s\u00e9rieusement, avec des films sans grand succ\u00e8s ( 100\u00a0Millions\u00a0!, Les Boules de No\u00ebl, Le Dernier souffle, Finalement, Le Larbin, Citoyen d\u2019honneur ), pourrait gagner la b\u00e9n\u00e9diction des nanarophiles. Une communaut\u00e9 de fans de \u00ab\u00a0cin\u00e9ma affligeant (mais hilarant), navrant (mais d\u00e9sopilant)\u00a0\u00bb, pour reprendre les mots du critique Fran\u00e7ois Forestier, auteur de deux anthologies sur les navets.<\/p>\n<p>Pour cultiver leur cin\u00e9philie de niche, ces fans ont Nanarland, le \u00ab\u00a0site des mauvais films sympathiques\u00a0\u00bb, cr\u00e9\u00e9 en 2001 \u00e0 Grenoble par cinq amis partageant leur amour des \u0153uvres d\u00e9sastreuses du 7e art. La Nuit Nanarland, le 20\u00a0septembre prochain, marathon de 12 heures de projection de navets au Grand Rex \u00e0 Paris, affiche complet.<\/p>\n<p>\u00ab La meilleure com\u00e9die rat\u00e9e de l&rsquo;ann\u00e9e\u00a0\u00bb<\/p>\n<p>Un nanar, c\u2019est un navet qui fait rire, parfois \u00e0 ses d\u00e9pens ou malgr\u00e9 lui. Comme Papamobile , qui fait rire tant il patauge, \u00e9norme, dans le nanar d\u00e9fouloir qui sacrifie au grand n\u2019importe quoi\u00a0! Il fait rire comme on rit d\u2019une chute, d\u2019un gadin, de quelqu\u2019un qui se ramasse. Le r\u00e9alisateur Sylvain Estibal en joue d\u00e9sormais, qui s\u2019est offert une s\u00e9ance de rattrapage avec une seconde bande-annonce, brandissant son c\u00f4t\u00e9 mauvais film \u00e0 coups de punchlines critiques \u00e0 l\u2019envers\u00a0: \u00ab\u00a0Un nanar culte en vue\u00a0?\u00a0\u00bb\u00a0; \u00ab\u00a0La meilleure com\u00e9die rat\u00e9e de l\u2019ann\u00e9e\u00a0\u00bb.<\/p>\n<p>\u00c0 raison\u00a0? Dans la salle Jean-Gabin du casino JOA de Bagnoles-de-l\u2019Orne, o\u00f9 il y a eu entre 25 spectateurs en une semaine pour le film, certains sont venus de tr\u00e8s loin voir Papamobile. Le programmateur du cin\u00e9ma, Michel Fondain, raconte que \u00ab\u00a0ces aficionados de nanars sont venus d\u00e9guis\u00e9s, l\u2019un en pape, l\u2019autre en cur\u00e9, la troisi\u00e8me en bonne s\u0153ur\u00a0!\u00a0\u00bb<\/p>\n","protected":false},"excerpt":{"rendered":"Samedi soir, une petite file s\u2019est form\u00e9e au guichet du Luminor, le dernier cin\u00e9ma du quartier du Marais,&hellip;\n","protected":false},"author":2,"featured_media":341259,"comment_status":"","ping_status":"","sticky":false,"template":"","format":"standard","meta":{"footnotes":""},"categories":[1354],"tags":[650,1687,58,59,107,1346,1011,27,329,1360,273],"class_list":{"0":"post-341258","1":"post","2":"type-post","3":"status-publish","4":"format-standard","5":"has-post-thumbnail","7":"category-films","8":"tag-cinema","9":"tag-culture-loisirs","10":"tag-divertissement","11":"tag-entertainment","12":"tag-fil-info","13":"tag-films","14":"tag-fr","15":"tag-france","16":"tag-france-monde","17":"tag-movies","18":"tag-selection-de-la-redaction"},"share_on_mastodon":{"url":"https:\/\/pubeurope.com\/@fr\/115085377995956357","error":""},"_links":{"self":[{"href":"https:\/\/www.europesays.com\/fr\/wp-json\/wp\/v2\/posts\/341258","targetHints":{"allow":["GET"]}}],"collection":[{"href":"https:\/\/www.europesays.com\/fr\/wp-json\/wp\/v2\/posts"}],"about":[{"href":"https:\/\/www.europesays.com\/fr\/wp-json\/wp\/v2\/types\/post"}],"author":[{"embeddable":true,"href":"https:\/\/www.europesays.com\/fr\/wp-json\/wp\/v2\/users\/2"}],"replies":[{"embeddable":true,"href":"https:\/\/www.europesays.com\/fr\/wp-json\/wp\/v2\/comments?post=341258"}],"version-history":[{"count":0,"href":"https:\/\/www.europesays.com\/fr\/wp-json\/wp\/v2\/posts\/341258\/revisions"}],"wp:featuredmedia":[{"embeddable":true,"href":"https:\/\/www.europesays.com\/fr\/wp-json\/wp\/v2\/media\/341259"}],"wp:attachment":[{"href":"https:\/\/www.europesays.com\/fr\/wp-json\/wp\/v2\/media?parent=341258"}],"wp:term":[{"taxonomy":"category","embeddable":true,"href":"https:\/\/www.europesays.com\/fr\/wp-json\/wp\/v2\/categories?post=341258"},{"taxonomy":"post_tag","embeddable":true,"href":"https:\/\/www.europesays.com\/fr\/wp-json\/wp\/v2\/tags?post=341258"}],"curies":[{"name":"wp","href":"https:\/\/api.w.org\/{rel}","templated":true}]}}