{"id":341260,"date":"2025-08-24T19:24:14","date_gmt":"2025-08-24T19:24:14","guid":{"rendered":"https:\/\/www.europesays.com\/fr\/341260\/"},"modified":"2025-08-24T19:24:14","modified_gmt":"2025-08-24T19:24:14","slug":"pour-baisser-votre-glycemie-de-50-les-chercheurs-recommandent-ce-legume","status":"publish","type":"post","link":"https:\/\/www.europesays.com\/fr\/341260\/","title":{"rendered":"Pour baisser votre glyc\u00e9mie de 50%, les chercheurs recommandent ce l\u00e9gume"},"content":{"rendered":"<p>En France, en 2019, pr\u00e8s de 4 millions de personnes \u00e9taient identifi\u00e9es comme diab\u00e9tiques par l&rsquo;assurance maladie, rappelle le Minist\u00e8re de la sant\u00e9. En 2022, les chiffres ont augment\u00e9 : plus de 4,3 millions de personnes \u00e9taient trait\u00e9es pour un diab\u00e8te, soit 6,3 % de la population. 44,8 % \u00e9taient des femmes et 55,2 % des hommes. Or, cette maladie chronique se caract\u00e9rise par un exc\u00e8s de sucre dans le sang ou hyperglyc\u00e9mie, et peut \u00eatre pr\u00e9venue avec des m\u00e9thodes hygi\u00e9no-di\u00e9t\u00e9tiques. Justement, des chercheurs viennent de faire une d\u00e9couverte : <strong>un l\u00e9gume racine permettrait de faire baisser le taux de sucre dans le sang de 50%<\/strong>, comme le souligne le site Surrey Live, d&rsquo;apr\u00e8s des r\u00e9sultats pr\u00e9sent\u00e9s lors de la 97\u00e8 r\u00e9union annuelle de l&rsquo;Endocrine Society \u00e0 San Diego. C&rsquo;est dans l&rsquo;oignon, et plus pr\u00e9cis\u00e9ment dans son bulbe, que se trouverait le moyen de faire baisser l&rsquo;hyperglyc\u00e9mie. C&rsquo;est du moins ce qu&rsquo;ont d\u00e9montr\u00e9es leurs recherches effectu\u00e9es sur des rats diab\u00e9tiques, trait\u00e9s en parall\u00e8le avec du metformine, un antidiab\u00e9tique.<\/p>\n<p>L&rsquo;extrait de bulbe d&rsquo;oignon fait baisser la glyc\u00e9mie \u00e0 jeun, sans que l&rsquo;on sache pourquoi<\/p>\n<p>Des rats avec un diab\u00e8te m\u00e9dicalement induit et d&rsquo;autres sans diab\u00e8te ont re\u00e7u plusieurs doses de metformine et plusieurs dosages d&rsquo;extrait d&rsquo;oignon pour que les r\u00e9sultats soient compar\u00e9s. Certains rats n&rsquo;ont re\u00e7u que l&rsquo;un ou que l&rsquo;autre des traitements. Il en est ressorti que <strong>l&rsquo;extrait d&rsquo;oignon, lorsqu&rsquo;il \u00e9tait administr\u00e9 (&#8230;)<a href=\"https:\/\/www.topsante.com\/medecine\/maladies_chroniques\/diabete\/pour-baisser-votre-glycemie-de-50-les-chercheurs-recommandent-ce-legume-896757?utm_campaign=partenariat&amp;utm_source=yahoo-articles&amp;utm_medium=flux\" rel=\"nofollow noopener\" target=\"_blank\" data-ylk=\"slk:Lire la suite sur Top Sant\u00e9;elm:context_link;itc:0;sec:content-canvas\" class=\"link \">Lire la suite sur Top Sant\u00e9<\/a><a href=\"https:\/\/www.topsante.com\/medecine\/maladies_chroniques\/diabete\/de-nouveaux-espoirs-de-guerison-pour-le-diabete-de-type-1-apres-le-succes-dessais-cliniques-924736?utm_campaign=partenariat&amp;utm_source=yahoo-articles&amp;utm_medium=flux\" rel=\"nofollow noopener\" target=\"_blank\" data-ylk=\"slk:De nouveaux espoirs de gu\u00e9rison pour le diab\u00e8te de type 1 apr\u00e8s le succ\u00e8s d\u2019essais cliniques;elm:context_link;itc:0;sec:content-canvas\" class=\"link \">De nouveaux espoirs de gu\u00e9rison pour le diab\u00e8te de type 1 apr\u00e8s le succ\u00e8s d\u2019essais cliniques<\/a><br \/><a href=\"https:\/\/www.topsante.com\/medecine\/sante_mentale\/stress\/ne-pas-boire-assez-deau-peut-provoquer-un-probleme-de-sante-alarmant-924701?utm_campaign=partenariat&amp;utm_source=yahoo-articles&amp;utm_medium=flux\" rel=\"nofollow noopener\" target=\"_blank\" data-ylk=\"slk:Ne pas boire assez d\u2019eau peut provoquer un probl\u00e8me de sant\u00e9 alarmant;elm:context_link;itc:0;sec:content-canvas\" class=\"link \">Ne pas boire assez d\u2019eau peut provoquer un probl\u00e8me de sant\u00e9 alarmant<\/a><br \/><a href=\"https:\/\/www.topsante.com\/medecine\/elle-va-chez-le-coiffeur-pour-ce-lissage-et-termine-avec-une-insuffisance-renale-aigue-a-27-ans-jai-les-reins-dune-personne-de-80-ans-924659?utm_campaign=partenariat&amp;utm_source=yahoo-articles&amp;utm_medium=flux\" rel=\"nofollow noopener\" target=\"_blank\" data-ylk=\"slk:Elle va chez le coiffeur pour ce lissage et termine avec une insuffisance r\u00e9nale aigu\u00eb : &quot;\u00e0 27 ans, j&#039;ai les reins d&#039;une personne de 80 ans&quot;;elm:context_link;itc:0;sec:content-canvas\" class=\"link \">Elle va chez le coiffeur pour ce lissage et termine avec une insuffisance r\u00e9nale aigu\u00eb : \u00ab\u00a0\u00e0 27 ans, j&rsquo;ai les reins d&rsquo;une personne de 80 ans\u00a0\u00bb<\/a><br \/><a href=\"https:\/\/www.topsante.com\/nutrition_et_recettes\/les_bons_aliments\/matieres_grasses\/jai-commence-a-consommer-cette-huile-tous-les-matins-les-bienfaits-sur-mon-energie-et-mon-moral-ont-ete-instantanes-924634?utm_campaign=partenariat&amp;utm_source=yahoo-articles&amp;utm_medium=flux\" rel=\"nofollow noopener\" target=\"_blank\" data-ylk=\"slk:&quot;J&#039;ai commenc\u00e9 \u00e0 consommer cette huile tous les matins, les bienfaits sur mon \u00e9nergie et mon moral ont \u00e9t\u00e9 instantan\u00e9s&quot;;elm:context_link;itc:0;sec:content-canvas\" class=\"link \">\u00ab\u00a0J&rsquo;ai commenc\u00e9 \u00e0 consommer cette huile tous les matins, les bienfaits sur mon \u00e9nergie et mon moral ont \u00e9t\u00e9 instantan\u00e9s\u00a0\u00bb<\/a><br \/><a href=\"https:\/\/www.topsante.com\/nutrition_et_recettes\/manger_equilibre\/conseils_dietetiques\/manger-cette-specialite-japonaise-au-petit-dejeuner-serait-ideal-pour-booster-limmunite-924631?utm_campaign=partenariat&amp;utm_source=yahoo-articles&amp;utm_medium=flux\" rel=\"nofollow noopener\" target=\"_blank\" data-ylk=\"slk:Manger cette sp\u00e9cialit\u00e9 japonaise au petit-d\u00e9jeuner serait id\u00e9al pour booster l&#039;immunit\u00e9;elm:context_link;itc:0;sec:content-canvas\" class=\"link \">Manger cette sp\u00e9cialit\u00e9 japonaise au petit-d\u00e9jeuner serait id\u00e9al pour booster l&rsquo;immunit\u00e9<\/a><br \/><\/strong><\/p>\n","protected":false},"excerpt":{"rendered":"En France, en 2019, pr\u00e8s de 4 millions de personnes \u00e9taient identifi\u00e9es comme diab\u00e9tiques par l&rsquo;assurance maladie, rappelle&hellip;\n","protected":false},"author":2,"featured_media":341261,"comment_status":"","ping_status":"","sticky":false,"template":"","format":"standard","meta":{"footnotes":""},"categories":[10],"tags":[1011,27,72,125,71],"class_list":{"0":"post-341260","1":"post","2":"type-post","3":"status-publish","4":"format-standard","5":"has-post-thumbnail","7":"category-sante","8":"tag-fr","9":"tag-france","10":"tag-health","11":"tag-ministere-de-la-sante","12":"tag-sante"},"share_on_mastodon":{"url":"https:\/\/pubeurope.com\/@fr\/115085381778118217","error":""},"_links":{"self":[{"href":"https:\/\/www.europesays.com\/fr\/wp-json\/wp\/v2\/posts\/341260","targetHints":{"allow":["GET"]}}],"collection":[{"href":"https:\/\/www.europesays.com\/fr\/wp-json\/wp\/v2\/posts"}],"about":[{"href":"https:\/\/www.europesays.com\/fr\/wp-json\/wp\/v2\/types\/post"}],"author":[{"embeddable":true,"href":"https:\/\/www.europesays.com\/fr\/wp-json\/wp\/v2\/users\/2"}],"replies":[{"embeddable":true,"href":"https:\/\/www.europesays.com\/fr\/wp-json\/wp\/v2\/comments?post=341260"}],"version-history":[{"count":0,"href":"https:\/\/www.europesays.com\/fr\/wp-json\/wp\/v2\/posts\/341260\/revisions"}],"wp:featuredmedia":[{"embeddable":true,"href":"https:\/\/www.europesays.com\/fr\/wp-json\/wp\/v2\/media\/341261"}],"wp:attachment":[{"href":"https:\/\/www.europesays.com\/fr\/wp-json\/wp\/v2\/media?parent=341260"}],"wp:term":[{"taxonomy":"category","embeddable":true,"href":"https:\/\/www.europesays.com\/fr\/wp-json\/wp\/v2\/categories?post=341260"},{"taxonomy":"post_tag","embeddable":true,"href":"https:\/\/www.europesays.com\/fr\/wp-json\/wp\/v2\/tags?post=341260"}],"curies":[{"name":"wp","href":"https:\/\/api.w.org\/{rel}","templated":true}]}}