{"id":341263,"date":"2025-08-24T19:26:08","date_gmt":"2025-08-24T19:26:08","guid":{"rendered":"https:\/\/www.europesays.com\/fr\/341263\/"},"modified":"2025-08-24T19:26:08","modified_gmt":"2025-08-24T19:26:08","slug":"tele-et-radio-de-telematin-a-france-inter-en-passant-par-bonjour-les-matinales-bougent-a-la-rentree-la-provence","status":"publish","type":"post","link":"https:\/\/www.europesays.com\/fr\/341263\/","title":{"rendered":"T\u00e9l\u00e9 et radio : de T\u00e9l\u00e9matin \u00e0 France Inter en passant par Bonjour !, les matinales bougent \u00e0 la rentr\u00e9e &#8211; La Provence"},"content":{"rendered":"<ol>\n<li><a href=\"https:\/\/news.google.com\/rss\/articles\/CBMi-AFBVV95cUxPVTZrZXo0TWVvUkJmYmRLTngyanJvTEotNnJxWjd1RU1ZUk1IMTRSblhjR09manFJUjk1d2FmUWltdmVmdE8wRDM4d0p4NlRqeTdQWGtLRmZxd3I2NGFOaUd6UlBnNU5GTDBVeVVaN3dENGppV2hKNy1qN0p6RkpqRnQ2eDFjS0YzZlZXbkUxN2VhMTBXR1pVY3VHakV0MFNfNE5LaWp2dndVT0tkSlBLMmF0UVU5dF9RblIzVDdndzhZRmhzcEF2SWltd211WUlibC10Q0l2ODhLSVVHQWdjMk9mX2VhVnNwZVpEY0NFcHV5Q2FkQXNhUQ?oc=5\" target=\"_blank\" rel=\"nofollow noopener\">T\u00e9l\u00e9 et radio : de T\u00e9l\u00e9matin \u00e0 France Inter en passant par Bonjour !, les matinales bougent \u00e0 la rentr\u00e9e<\/a>&nbsp;&nbsp;La Provence<\/li>\n<li><a href=\"https:\/\/news.google.com\/rss\/articles\/CBMikgJBVV95cUxPN1J5eW1LeHZnVmd5Q0Z4d3hzc0VBaHhyNlZ2OG80VUd5Nlp2NVo4UzVkM25WWVdBTWI0ZVloLU14bEM3M1dIUmJ5S1hrQWw2SkN0X21qNlY1QS1VZG5KcTNfQmxBUjc0cy1NRnRZMWZfeE00dkJzb1h2V3Y4U0tfek5RelV5ZmpiY3otV2gyM0RWSkJvbzRBV3ByaUZlY2R2djBHbUs3NE55VFFEaW52dm5QTW4yRVdIRFFMQ2JQalpTQkJvZnVzM0hCcTJoaTRTVHV2X255WGRqc29FeGJ5RmlKN1IwemIycGdLNG5jMTlwTXB3bk9uRWp5T3VfRFRyZDBwYUpRbklRMk9jYS1NMHZn?oc=5\" target=\"_blank\" rel=\"nofollow noopener\">Changements \u00e0 la matinale de France-Inter, Lapix sur RTL, Praud sur Europe 1\u2026 Tout ce qu\u2019il faut savoir sur la rentr\u00e9e radio 2025<\/a>&nbsp;&nbsp;Le Nouvel Obs<\/li>\n<li><a href=\"https:\/\/news.google.com\/rss\/articles\/CBMi9gFBVV95cUxPaXVfY3gtZFBwMWkxWmw5VEpLeEZDS3psRU1vT1VBX2pib0RXeGhrRUM0NGgxcmNsQXNORXVsTFhJQldUMUVjTWViWnI1UFQxeDNVbGFMQXpncHUwNC1ZNFhZOVRTSEFaQXpETDJONzd0NWFrUVl4OG1jVV9kRjdtWDRHYmFoMWZsRTBJSlRsRy00SHkzUEVJS3NRY1Zyby1USmtlVjUtSWl5WlR6aUljVndJTnlfQ3JZb3E5enVNc3dxMjhTT1hSelEzLVhOU2wtZXdudGs0aDE3NXgyMzlKak1WSkgtRFV5RHFjS1Y4SFRyMF9oc2c?oc=5\" target=\"_blank\" rel=\"nofollow noopener\">Retour de \u00c7a se discute, L\u00e9a Salam\u00e9 au 20 Heures, Anne-Sophie Lapix sur M6&#8230; Voici les 10 nouveaut\u00e9s t\u00e9l\u00e9 \u00e0 ne pas manquer<\/a>&nbsp;&nbsp;programme-tv.net<\/li>\n<li><a href=\"https:\/\/news.google.com\/rss\/articles\/CBMiiAJBVV95cUxOWTVEci1Gb0xRQnlYcGZNaVdKMkYyUVE3cVZrMUttZzBLSkJlTzZoT2hBNzZkbXdmQjJzVDNDaWk5WjNmS09iWkVOV3lCU2lyYUx1dklXMVNteVFCSHRkZlVsSFJVMlhHcnJFdy1hWHBrSlU1VENMNU0wTjc2VEZ4S2FuX3ptdzNDT05ndlcyaFB1LWFuV0oteEU1MnVHSk5UME84OEZvT09JWUxzTTRBZGxVVF8xQS02ZDV0aXRkT29hem9OYWdYcWl5cGFaVVJnSWdDRmI4a0pLZ0diNWJCYUJwMzg2di03dnpZTS1OeW5ONXJyWGRDQVg0TDJXWjZmd3VHdFY2X0Y?oc=5\" target=\"_blank\" rel=\"nofollow noopener\">Faustine Bollaert, Cyril Hanouna, Benjamin Duhamel\u2026 Quels sont les enjeux de la rentr\u00e9e radio<\/a>&nbsp;&nbsp;Le Parisien<\/li>\n<li><a href=\"https:\/\/news.google.com\/rss\/articles\/CBMiqwFBVV95cUxOSmVwMFhwanRYQ2ROM253QW8xZWtBWEFZRWRwV1pwZDdDVGJTb0JIYnRxdUJnUHkwT2hxWnlUTnlsQ1hOdk9JTHpCS1RDQmZsbHNzNUdhWnJJYzZxM2Y5NW9rQUhlN1FUeXo5Vnp3THVyckFxQk5oWm5WNW1UZlBHeU8xMGhCQzlMNDJLeFRDSDl2UUFWbno3U1I2eHRIOFBDd0NyNTNnSHoyd2c?oc=5\" target=\"_blank\" rel=\"nofollow noopener\">Toutes les nouveaut\u00e9s t\u00e9l\u00e9 et radio de la rentr\u00e9e<\/a>&nbsp;&nbsp;Le Point<\/li>\n<\/ol>\n","protected":false},"excerpt":{"rendered":"T\u00e9l\u00e9 et radio : de T\u00e9l\u00e9matin \u00e0 France Inter en passant par Bonjour !, les matinales bougent \u00e0&hellip;\n","protected":false},"author":2,"featured_media":1445,"comment_status":"","ping_status":"","sticky":false,"template":"","format":"standard","meta":{"footnotes":""},"categories":[8],"tags":[58,59,1011,27],"class_list":{"0":"post-341263","1":"post","2":"type-post","3":"status-publish","4":"format-standard","5":"has-post-thumbnail","7":"category-divertissement","8":"tag-divertissement","9":"tag-entertainment","10":"tag-fr","11":"tag-france"},"share_on_mastodon":{"url":"https:\/\/pubeurope.com\/@fr\/115085389663739581","error":""},"_links":{"self":[{"href":"https:\/\/www.europesays.com\/fr\/wp-json\/wp\/v2\/posts\/341263","targetHints":{"allow":["GET"]}}],"collection":[{"href":"https:\/\/www.europesays.com\/fr\/wp-json\/wp\/v2\/posts"}],"about":[{"href":"https:\/\/www.europesays.com\/fr\/wp-json\/wp\/v2\/types\/post"}],"author":[{"embeddable":true,"href":"https:\/\/www.europesays.com\/fr\/wp-json\/wp\/v2\/users\/2"}],"replies":[{"embeddable":true,"href":"https:\/\/www.europesays.com\/fr\/wp-json\/wp\/v2\/comments?post=341263"}],"version-history":[{"count":0,"href":"https:\/\/www.europesays.com\/fr\/wp-json\/wp\/v2\/posts\/341263\/revisions"}],"wp:featuredmedia":[{"embeddable":true,"href":"https:\/\/www.europesays.com\/fr\/wp-json\/wp\/v2\/media\/1445"}],"wp:attachment":[{"href":"https:\/\/www.europesays.com\/fr\/wp-json\/wp\/v2\/media?parent=341263"}],"wp:term":[{"taxonomy":"category","embeddable":true,"href":"https:\/\/www.europesays.com\/fr\/wp-json\/wp\/v2\/categories?post=341263"},{"taxonomy":"post_tag","embeddable":true,"href":"https:\/\/www.europesays.com\/fr\/wp-json\/wp\/v2\/tags?post=341263"}],"curies":[{"name":"wp","href":"https:\/\/api.w.org\/{rel}","templated":true}]}}