{"id":341267,"date":"2025-08-24T19:29:11","date_gmt":"2025-08-24T19:29:11","guid":{"rendered":"https:\/\/www.europesays.com\/fr\/341267\/"},"modified":"2025-08-24T19:29:11","modified_gmt":"2025-08-24T19:29:11","slug":"zelensky-insiste-pour-rencontrer-poutine-et-moscou-sen-agace","status":"publish","type":"post","link":"https:\/\/www.europesays.com\/fr\/341267\/","title":{"rendered":"Zelensky insiste pour rencontrer Poutine et Moscou s&rsquo;en agace"},"content":{"rendered":"<p>Vous avez rat\u00e9 les derniers \u00e9v\u00e9nements sur la guerre en Ukraine\u00a0? 20 Minutes fait le point pour vous tous les soirs. Voici l\u2019essentiel de ce dimanche 24\u00a0ao\u00fbt, au 1.278e jour du conflit.<\/p>\n<p>Le fait du jour<\/p>\n<p>Ce dimanche est une jour particulier car il correspond \u00e0 celui de la 34e F\u00eate de l\u2019ind\u00e9pendance de l\u2019Ukraine. A cette occasion, <a href=\"https:\/\/www.20minutes.fr\/monde\/volodymyr-zelensky\/\" class=\"c-link c-link--is-underlined\" target=\"_blank\" rel=\"noopener\">Volodymyr Zelensky<\/a> a affirm\u00e9 qu\u2019une rencontre avec <a href=\"https:\/\/www.20minutes.fr\/monde\/vladimir_poutine\/\" class=\"c-link c-link--is-underlined\" target=\"_blank\" rel=\"noopener\">Vladimir Poutine<\/a> constituait le moyen \u00ab\u00a0le plus efficace pour avancer\u00a0\u00bb. Moscou lui reproche son insistance \u00e0 la r\u00e9clamer \u00ab\u00a0co\u00fbte que co\u00fbte\u00a0\u00bb, au moment o\u00f9 les efforts diplomatiques pour r\u00e9gler le conflit semblent s\u2019enliser.<\/p>\n<p>Invit\u00e9 \u00e0 Kiev, le Premier ministre canadien Mark Carney a mis en garde sur le fait que, selon lui, l\u2019invasion russe de l\u2019Ukraine \u00ab\u00a0ne s\u2019arr\u00eatera pas l\u00e0\u00a0\u00bb, si elle reste \u00ab\u00a0sans r\u00e9ponse\u00a0\u00bb des alli\u00e9s de ce pays.<\/p>\n<p>\u00ab\u00a0Nous devons continuer \u00e0 faire pression sur la Russie pour qu\u2019elle mette fin \u00e0 cette guerre, pour qu\u2019elle y mette fin dans la dignit\u00e9, avec une s\u00e9curit\u00e9 et une paix garanties. Cela n\u2019est possible que gr\u00e2ce \u00e0 la force combin\u00e9e de tous ceux qui, dans le monde, veulent la paix et respectent le droit international. Le format des pourparlers entre dirigeants est le moyen le plus efficace d\u2019aller de l\u2019avant\u00a0\u00bb, a de son c\u00f4t\u00e9 dit Volodymyr Zelensky pendant leur conf\u00e9rence de presse commune.<\/p>\n<\/p>\n<p>\u00ab\u00a0Ce n\u2019est pas \u00e0 la Russie de d\u00e9cider comment garantir la souverainet\u00e9, l\u2019ind\u00e9pendance et la libert\u00e9 de l\u2019Ukraine \u00e0 l\u2019avenir. C\u2019est le choix de l\u2019Ukraine et les d\u00e9cisions des partenaires\u00a0\u00bb, a insist\u00e9 Mark Carney devant les journalistes.<\/p>\n<p>A noter que les Etats-Unis \u00e9taient repr\u00e9sent\u00e9s aux c\u00e9r\u00e9monies du Jour de l\u2019ind\u00e9pendance par l\u2019\u00e9missaire pour l\u2019Ukraine, Keith Kellogg<\/p>\n<p>La d\u00e9claration du jour<\/p>\n<blockquote class=\"mx-m@xs mx-xxl@md color-ultramarine c-citation\">\n<p class=\"font-weight-regular@xs text-italic font-source-serif-pro text-l@xs c-citation__content\">\u00ab\u00a0\u00ab\u00a0Je pense que les Russes ont fait des concessions importantes au pr\u00e9sident Trump, pour la premi\u00e8re fois en trois ans et demi de conflit. Ils veulent en fait \u00eatre flexibles sur certaines de leurs exigences fondamentales.\u00a0\u00bb\u00a0\u00bb<\/p>\n<\/blockquote>\n<p>Dans une interview diffus\u00e9e sur NBC, le vice-pr\u00e9sident am\u00e9ricain J.D. Vance a affirm\u00e9 que Moscou avait infl\u00e9chi son intransigeance envers Donald Trum depuis le sommet du 15\u00a0ao\u00fbt en Alaska. Selon lui, les efforts diplomatiques pour sortir de la guerre ne sont pas en train de s\u2019enliser. Au contraire, avance <a href=\"https:\/\/www.20minutes.fr\/monde\/vance\/\" class=\"c-link c-link--is-underlined\" target=\"_blank\" rel=\"noopener\">J.D. Vance<\/a>, la Russie \u00ab\u00a0discute de ce qu\u2019il serait n\u00e9cessaire de faire pour mettre fin \u00e0 la guerre\u00a0\u00bb et \u00ab\u00a0nous sommes impliqu\u00e9s dans un processus diplomatique de bonne foi\u00a0\u00bb.<\/p>\n<p>Le chiffre du jour<\/p>\n<p>146. C\u2019est <a href=\"https:\/\/www.20minutes.fr\/monde\/ukraine\/4169254-20250824-guerre-ukraine-moscou-kiev-echange-146-prisonniers\" class=\"c-link c-link--is-underlined\" target=\"_blank\" rel=\"noopener\">le nombre de prisonniers de guerre de chaque camp<\/a> qui ont \u00e9t\u00e9 lib\u00e9r\u00e9s. Le tout dans le cadre d\u2019une s\u00e9rie d\u2019\u00e9changes qui reste l\u2019un des rares domaines de coop\u00e9ration entre Kiev et Moscou.<\/p>\n<p>La tendance<\/p>\n<p>Du c\u00f4t\u00e9 du front, si l\u2019arm\u00e9e russe continue de progresser, le commandant en chef des forces ukrainiennes, Oleksandr Syrsky, a assur\u00e9 que ses soldats avaient repris trois villages de la r\u00e9gion orientale de Donetsk qui \u00e9taient tomb\u00e9s sous le contr\u00f4le de la Russie.<\/p>\n<p><a href=\"https:\/\/www.20minutes.fr\/monde\/ukraine\/\" class=\"c-link c-btn c-btn--primary\" target=\"_blank\" rel=\"noopener\">Nos articles sur la guerre en Ukraine<\/a><\/p>\n<p>Une femme de 47 ans a \u00e9t\u00e9 tu\u00e9e ce matin dans une frappe de drone russe dans cette m\u00eame r\u00e9gion, selon son gouverneur. La Russie avait lanc\u00e9 72 drones de type Shahed et divers leurres ainsi qu\u2019un missile balistique, ont dit les forces a\u00e9riennes ukrainiennes.<\/p>\n","protected":false},"excerpt":{"rendered":"Vous avez rat\u00e9 les derniers \u00e9v\u00e9nements sur la guerre en Ukraine\u00a0? 20 Minutes fait le point pour vous&hellip;\n","protected":false},"author":2,"featured_media":341268,"comment_status":"","ping_status":"","sticky":false,"template":"","format":"standard","meta":{"footnotes":""},"categories":[5],"tags":[47,11,1011,27,131,14,79,74,12,132,135,134,28],"class_list":{"0":"post-341267","1":"post","2":"type-post","3":"status-publish","4":"format-standard","5":"has-post-thumbnail","7":"category-international","8":"tag-actualite","9":"tag-actualites","10":"tag-fr","11":"tag-france","12":"tag-guerre-en-ukraine","13":"tag-international","14":"tag-j-d-vance","15":"tag-monde","16":"tag-news","17":"tag-russie","18":"tag-vladimir-poutine","19":"tag-volodymyr-zelensky","20":"tag-world"},"share_on_mastodon":{"url":"https:\/\/pubeurope.com\/@fr\/115085401485099642","error":""},"_links":{"self":[{"href":"https:\/\/www.europesays.com\/fr\/wp-json\/wp\/v2\/posts\/341267","targetHints":{"allow":["GET"]}}],"collection":[{"href":"https:\/\/www.europesays.com\/fr\/wp-json\/wp\/v2\/posts"}],"about":[{"href":"https:\/\/www.europesays.com\/fr\/wp-json\/wp\/v2\/types\/post"}],"author":[{"embeddable":true,"href":"https:\/\/www.europesays.com\/fr\/wp-json\/wp\/v2\/users\/2"}],"replies":[{"embeddable":true,"href":"https:\/\/www.europesays.com\/fr\/wp-json\/wp\/v2\/comments?post=341267"}],"version-history":[{"count":0,"href":"https:\/\/www.europesays.com\/fr\/wp-json\/wp\/v2\/posts\/341267\/revisions"}],"wp:featuredmedia":[{"embeddable":true,"href":"https:\/\/www.europesays.com\/fr\/wp-json\/wp\/v2\/media\/341268"}],"wp:attachment":[{"href":"https:\/\/www.europesays.com\/fr\/wp-json\/wp\/v2\/media?parent=341267"}],"wp:term":[{"taxonomy":"category","embeddable":true,"href":"https:\/\/www.europesays.com\/fr\/wp-json\/wp\/v2\/categories?post=341267"},{"taxonomy":"post_tag","embeddable":true,"href":"https:\/\/www.europesays.com\/fr\/wp-json\/wp\/v2\/tags?post=341267"}],"curies":[{"name":"wp","href":"https:\/\/api.w.org\/{rel}","templated":true}]}}