{"id":341269,"date":"2025-08-24T19:30:11","date_gmt":"2025-08-24T19:30:11","guid":{"rendered":"https:\/\/www.europesays.com\/fr\/341269\/"},"modified":"2025-08-24T19:30:11","modified_gmt":"2025-08-24T19:30:11","slug":"deux-hommes-en-garde-a-vue-pour-meurtre-aggrave","status":"publish","type":"post","link":"https:\/\/www.europesays.com\/fr\/341269\/","title":{"rendered":"deux hommes en garde \u00e0 vue pour meurtre aggrav\u00e9"},"content":{"rendered":"<p>            Par<br \/>\n        <strong><br \/>\n            <a href=\"https:\/\/actu.fr\/auteur\/matheo-girard\" title=\"Consulter tous les articles de Matheo Girard\" rel=\"nofollow noopener\" target=\"_blank\">Matheo Girard<\/a><br \/>\n        <\/strong><\/p>\n<p>        Publi\u00e9 le<\/p>\n<p>            24 ao\u00fbt 2025 \u00e0 20h05        <\/p>\n<p><b>Le cadavre calcin\u00e9<\/b> avait \u00e9t\u00e9 retrouv\u00e9 au petit matin, samedi 23\u00a0ao\u00fbt, <a href=\"https:\/\/actu.fr\/bretagne\/saint-m-herve_35300\/ille-et-vilaine-un-cadavre-decouvert-calcine-sur-le-parking-dune-base-de-loisirs_63070306.html\" rel=\"nofollow noopener\" target=\"_blank\">\u00e0 proximit\u00e9 de la base de loisirs de la Haute Vilaine,<\/a> \u00e0 <b>La Chapelle-Erbr\u00e9e<\/b> (Ille-et-Vilaine), pr\u00e8s de Vitr\u00e9.\u00a0Le corps a \u00e9t\u00e9 identifi\u00e9 dans les heures qui ont suivi. Il s\u2019agit de <b>celui d\u2019un<\/b> <b>homme de 46\u00a0ans originaire d\u2019Argentr\u00e9-du-Plessis.<\/b><\/p>\n<p>L\u2019homme identifi\u00e9 gr\u00e2ce \u00e0 son t\u00e9l\u00e9phone et ses tatouages<\/p>\n<p class=\" wall-content\">\u00ab\u2009La victime a \u00e9t\u00e9 <b>identifi\u00e9e gr\u00e2ce \u00e0 son t\u00e9l\u00e9phone portable<\/b> retrouv\u00e9 sur le lieu, qui n\u2019avait pas totalement br\u00fbl\u00e9, ainsi que par <b>ses tatouages\u2009<\/b>\u00bb, signale le procureur de la R\u00e9publique de Rennes, <b>Fr\u00e9d\u00e9ric Teillet.<\/b><\/p>\n<p class=\" wall-content\">L\u2019enqu\u00eate avait \u00e9t\u00e9 confi\u00e9e \u00e0 la brigade des recherches de Vitr\u00e9, qui a d\u2019ores et d\u00e9j\u00e0 interpell\u00e9 deux hommes.<\/p>\n<p class=\" wall-content\">L\u2019un, \u00e2g\u00e9 de <b>37\u00a0ans,<\/b> d\u00e8s l\u2019apr\u00e8s-midi de samedi. Puis un autre, dans la matin\u00e9e de dimanche, \u00e2g\u00e9 de <b>70\u00a0ans.<\/b> Ils ont tous les deux \u00e9t\u00e9 mis en garde \u00e0 vue pour <b>meurtre aggrav\u00e9.<\/b><\/p>\n<p>Coups port\u00e9s avec un objet de \u00ab\u2009type marteau\u2009\u00bb<\/p>\n<p class=\" wall-content\"><b>Les premi\u00e8res analyses<\/b> effectu\u00e9es sur le lieu de la d\u00e9couverte du corps ont permis de mettre en \u00e9vidence, sur la victime, <b>une fracture de la m\u00e2choire.<\/b><\/p>\n<p class=\" wall-content\">Mais aussi que <b>des coups avaient \u00e9t\u00e9 port\u00e9s sur le visage \u00e0 partir d\u2019un objet contendant.<\/b><\/p>\n<p class=\" wall-content\"><b>De multiples plaies \u00e0 l\u2019arri\u00e8re du cr\u00e2ne <\/b>ayant probablement \u00e9t\u00e9 caus\u00e9es par un objet \u00ab\u2009de type marteau\u2009\u00bb, d\u2019apr\u00e8s le procureur, ont \u00e9galement \u00e9t\u00e9 constat\u00e9es.<\/p>\n<p>Votre r\u00e9gion, votre actu !<\/p>\n<p>Recevez chaque jour les infos qui comptent pour vous.<\/p>\n<p>\t<a href=\"https:\/\/actu.fr\/newsletter\" class=\"ac-btn ac-btn--corner ac-btn--medium ac-btn--blue800\" rel=\"nofollow noopener\" target=\"_blank\">S&rsquo;incrire<\/a><\/p>\n<p class=\" wall-content\">\u00ab\u2009Une autopsie est pr\u00e9vue demain en d\u00e9but d\u2019apr\u00e8s-midi, et devrait permettre de mieux pr\u00e9ciser les causes exactes du d\u00e9c\u00e8s\u2009\u00bb, pr\u00e9cise \u00e9galement Fr\u00e9d\u00e9ric Teillet.<\/p>\n<p class=\" wall-content\">Personnalisez votre actualit\u00e9 en ajoutant vos villes et m\u00e9dias en favori avec <a href=\"https:\/\/moncompte.actu.fr\" title=\"D\u00e9couvez Mon Actu\" rel=\"nofollow noopener\" data-trk=\"{&quot;cta&quot;:{&quot;action&quot;:&quot;https:\\\/\\\/moncompte.actu.fr&quot;,&quot;category&quot;:&quot;mon compte&quot;,&quot;from&quot;:&quot;article footer&quot;,&quot;name&quot;:&quot;Mon actu&quot;,&quot;type&quot;:&quot;cta&quot;}}\" target=\"_blank\">Mon Actu<\/a>.<\/p>\n","protected":false},"excerpt":{"rendered":"Par Matheo Girard Publi\u00e9 le 24 ao\u00fbt 2025 \u00e0 20h05 Le cadavre calcin\u00e9 avait \u00e9t\u00e9 retrouv\u00e9 au petit&hellip;\n","protected":false},"author":2,"featured_media":341270,"comment_status":"","ping_status":"","sticky":false,"template":"","format":"standard","meta":{"footnotes":""},"categories":[4],"tags":[11,118,1011,27,12,25],"class_list":{"0":"post-341269","1":"post","2":"type-post","3":"status-publish","4":"format-standard","5":"has-post-thumbnail","7":"category-france","8":"tag-actualites","9":"tag-faits-divers","10":"tag-fr","11":"tag-france","12":"tag-news","13":"tag-republique-francaise"},"share_on_mastodon":{"url":"https:\/\/pubeurope.com\/@fr\/115085405437520454","error":""},"_links":{"self":[{"href":"https:\/\/www.europesays.com\/fr\/wp-json\/wp\/v2\/posts\/341269","targetHints":{"allow":["GET"]}}],"collection":[{"href":"https:\/\/www.europesays.com\/fr\/wp-json\/wp\/v2\/posts"}],"about":[{"href":"https:\/\/www.europesays.com\/fr\/wp-json\/wp\/v2\/types\/post"}],"author":[{"embeddable":true,"href":"https:\/\/www.europesays.com\/fr\/wp-json\/wp\/v2\/users\/2"}],"replies":[{"embeddable":true,"href":"https:\/\/www.europesays.com\/fr\/wp-json\/wp\/v2\/comments?post=341269"}],"version-history":[{"count":0,"href":"https:\/\/www.europesays.com\/fr\/wp-json\/wp\/v2\/posts\/341269\/revisions"}],"wp:featuredmedia":[{"embeddable":true,"href":"https:\/\/www.europesays.com\/fr\/wp-json\/wp\/v2\/media\/341270"}],"wp:attachment":[{"href":"https:\/\/www.europesays.com\/fr\/wp-json\/wp\/v2\/media?parent=341269"}],"wp:term":[{"taxonomy":"category","embeddable":true,"href":"https:\/\/www.europesays.com\/fr\/wp-json\/wp\/v2\/categories?post=341269"},{"taxonomy":"post_tag","embeddable":true,"href":"https:\/\/www.europesays.com\/fr\/wp-json\/wp\/v2\/tags?post=341269"}],"curies":[{"name":"wp","href":"https:\/\/api.w.org\/{rel}","templated":true}]}}