{"id":341273,"date":"2025-08-24T19:32:12","date_gmt":"2025-08-24T19:32:12","guid":{"rendered":"https:\/\/www.europesays.com\/fr\/341273\/"},"modified":"2025-08-24T19:32:12","modified_gmt":"2025-08-24T19:32:12","slug":"mariage-felicitations-a-emeline-et-kevin","status":"publish","type":"post","link":"https:\/\/www.europesays.com\/fr\/341273\/","title":{"rendered":"Mariage. F\u00e9licitations \u00e0 Emeline et K\u00e9vin"},"content":{"rendered":"<p>Samedi 23\u00a0ao\u00fbt, \u00e0 15\u00a0heures, la mairie a ouvert grand ses portes afin d\u2019accueillir K\u00e9vin Gauthier et Emeline M\u00e9alier. Devant le maire Yves Morand, assist\u00e9 d\u2019Eric Guillaumond, adjoint, ce jeune couple s\u2019est dit un grand \u00ab\u00a0oui\u00a0\u00bb en pr\u00e9sence de ses t\u00e9moins, parents et amis. Emeline, n\u00e9e le 21\u00a0ao\u00fbt 1996, est la fleuriste du village et K\u00e9vin, n\u00e9 le 11\u00a0ao\u00fbt 1994 est employ\u00e9 communal r\u00e9sident \u00e0 l\u2019Etrat.<\/p>\n<p>La c\u00e9r\u00e9monie s\u2019est poursuivie, dans de joyeuses agapes dans la cour joliment fleurie et d\u00e9cor\u00e9e de l\u2019\u00e9cole Saint-Joseph.<\/p>\n","protected":false},"excerpt":{"rendered":"Samedi 23\u00a0ao\u00fbt, \u00e0 15\u00a0heures, la mairie a ouvert grand ses portes afin d\u2019accueillir K\u00e9vin Gauthier et Emeline M\u00e9alier.&hellip;\n","protected":false},"author":2,"featured_media":341274,"comment_status":"","ping_status":"","sticky":false,"template":"","format":"standard","meta":{"footnotes":""},"categories":[9653],"tags":[1111,11,2430,9223,7539,1777,674,1011,27,10229,1930,12,25,4001,9664,104],"class_list":{"0":"post-341273","1":"post","2":"type-post","3":"status-publish","4":"format-standard","5":"has-post-thumbnail","7":"category-saint-etienne","8":"tag-actu","9":"tag-actualites","10":"tag-auvergne-rhone-alpes","11":"tag-carnet-du-jour","12":"tag-edition-loire-sud","13":"tag-eu","14":"tag-europe","15":"tag-fr","16":"tag-france","17":"tag-letrat","18":"tag-mariage","19":"tag-news","20":"tag-republique-francaise","21":"tag-saint-etienne","22":"tag-saint-etienne-bassin","23":"tag-societe"},"share_on_mastodon":{"url":"https:\/\/pubeurope.com\/@fr\/115085413420291355","error":""},"_links":{"self":[{"href":"https:\/\/www.europesays.com\/fr\/wp-json\/wp\/v2\/posts\/341273","targetHints":{"allow":["GET"]}}],"collection":[{"href":"https:\/\/www.europesays.com\/fr\/wp-json\/wp\/v2\/posts"}],"about":[{"href":"https:\/\/www.europesays.com\/fr\/wp-json\/wp\/v2\/types\/post"}],"author":[{"embeddable":true,"href":"https:\/\/www.europesays.com\/fr\/wp-json\/wp\/v2\/users\/2"}],"replies":[{"embeddable":true,"href":"https:\/\/www.europesays.com\/fr\/wp-json\/wp\/v2\/comments?post=341273"}],"version-history":[{"count":0,"href":"https:\/\/www.europesays.com\/fr\/wp-json\/wp\/v2\/posts\/341273\/revisions"}],"wp:featuredmedia":[{"embeddable":true,"href":"https:\/\/www.europesays.com\/fr\/wp-json\/wp\/v2\/media\/341274"}],"wp:attachment":[{"href":"https:\/\/www.europesays.com\/fr\/wp-json\/wp\/v2\/media?parent=341273"}],"wp:term":[{"taxonomy":"category","embeddable":true,"href":"https:\/\/www.europesays.com\/fr\/wp-json\/wp\/v2\/categories?post=341273"},{"taxonomy":"post_tag","embeddable":true,"href":"https:\/\/www.europesays.com\/fr\/wp-json\/wp\/v2\/tags?post=341273"}],"curies":[{"name":"wp","href":"https:\/\/api.w.org\/{rel}","templated":true}]}}