{"id":341275,"date":"2025-08-24T19:33:11","date_gmt":"2025-08-24T19:33:11","guid":{"rendered":"https:\/\/www.europesays.com\/fr\/341275\/"},"modified":"2025-08-24T19:33:11","modified_gmt":"2025-08-24T19:33:11","slug":"lucas-stassin-asse-finalement-au-stade-rennais","status":"publish","type":"post","link":"https:\/\/www.europesays.com\/fr\/341275\/","title":{"rendered":"Lucas Stassin (ASSE) finalement au Stade Rennais ?"},"content":{"rendered":"<p>\t\t\t\t\t Le mercato d&rsquo;\u00e9t\u00e9 vient d&rsquo;entamer sa derni\u00e8re ligne droite, et le Stade Rennais n&rsquo;a toujours pas mis la main sur le num\u00e9ro 9 capable de faire oublier Arnaud Kalimuendo qui a rejoint Nottingham Forest. Alors que les pistes menant \u00e0 <a class=\"liens\" href=\"https:\/\/www.jeunesfooteux.com\/Stade-Rennais-Brobbey-oublie-une-future-star-arrive-a-Rennes-_a77207.html\" rel=\"nofollow noopener\" target=\"_blank\">Brian Brobbey<\/a>, Conrad Harder et <a class=\"liens\" href=\"https:\/\/www.jeunesfooteux.com\/Jackpot-pour-SAS-Epinal-si-transfert-de-Esteban-Lepaul-Angers-SCO-au-Stade-Rennais_a77197.html\" rel=\"nofollow noopener\" target=\"_blank\">Est\u00e9ban Lepaul<\/a> sont \u00e0 l&rsquo;\u00e9tude, le club breton pourrait finalement cr\u00e9er la surprise en recrutant un buteur qui a perform\u00e9 la saison derni\u00e8re en Ligue 1. <\/p>\n<p>En effet, le Stade Rennais aurait activ\u00e9 la piste menant \u00e0 Lucas Stassin, attaquant de l\u2019<a class=\"liens\" href=\"https:\/\/www.jeunesfooteux.com\/Saint-Etienne_r110.html\" rel=\"nofollow noopener\" target=\"_blank\">AS Saint-\u00c9tienne<\/a>. Selon Transfert Radar, le club breton s\u2019est renseign\u00e9 il y a deux jours sur la situation du jeune belge, sous contrat avec les Verts jusqu\u2019en juin 2028. De son c\u00f4t\u00e9, Stassin se dit \u00ab\u00a0int\u00e9ress\u00e9 \u00e0 l\u2019id\u00e9e de rejoindre la Bretagne\u00a0\u00bb \u2014 de quoi relancer le suspense pour la derni\u00e8re ligne droite du mercato. <\/p>\n<p>Le d\u00e9part d\u2019Arnaud Kalimuendo a plac\u00e9 Habib Beye, coach du SRFC, face \u00e0 un d\u00e9fi de taille : remplacer son meilleur buteur, auteur de 18 r\u00e9alisations la saison pass\u00e9e. Prolifique et encore jeune (20 ans), Stassin coche de nombreux crit\u00e8res recherch\u00e9s par Rennes. Bien dispos\u00e9 \u00e0 recruter un buteur capable d&#8217;empiler les buts, le directeur sportif, Lo\u00efc D\u00e9sir\u00e9, disposerait d&rsquo;une enveloppe mercato estim\u00e9e \u00e0 20 millions d&rsquo;euros. <\/p>\n<p>Mais les dirigeants st\u00e9phanois se montrent intransigeants : Lucas Stassin n\u2019est pas \u00e0 vendre sauf offre avoisinant les 30M\u20ac, tandis que le pr\u00e9sident de l\u2019ASSE, soutenu par Kilmer Sport Ventures, ne montre aucun signe d\u2019urgence \u00e0 vendre sa p\u00e9pite, pilier du projet de remont\u00e9e imm\u00e9diate en Ligue 1. <\/p>\n<p>Rennes esp\u00e8re encore un d\u00e9nouement favorable, profitant d\u2019un joueur \u00ab\u00a0d\u00e9sireux de jouer dans un championnat de premier plan\u00a0\u00bb pour garder une infime chance de pouvoir disputer l&rsquo;Euro 2026 avec la Belgique. Stassin, interrog\u00e9 samedi sur son avenir, a d\u00e9clar\u00e9 \u00e0 beIN Sports : \u00ab\u00a0Pour l\u2019instant, je suis toujours \u00e0 Saint-\u00c9tienne et je donne tout, on verra plus tard\u2026\u00a0\u00bb <\/p>\n<p>Si l\u2019ASSE ferme la porte, de nombreux clubs fran\u00e7ais et \u00e9trangers restent \u00e0 l\u2019aff\u00fbt pour bondir sur une potentielle opportunit\u00e9 fin ao\u00fbt. Pour Rennes, l\u2019\u00e9quation reste complexe entre la gourmandise de l&rsquo;ASSE pour l\u2019attaquant belge, et la volont\u00e9 de ne pas passer pour des pigeons.\n\t\t\t\t <\/p>\n","protected":false},"excerpt":{"rendered":"Le mercato d&rsquo;\u00e9t\u00e9 vient d&rsquo;entamer sa derni\u00e8re ligne droite, et le Stade Rennais n&rsquo;a toujours pas mis la&hellip;\n","protected":false},"author":2,"featured_media":341276,"comment_status":"","ping_status":"","sticky":false,"template":"","format":"standard","meta":{"footnotes":""},"categories":[9653],"tags":[1111,11,2430,1777,674,1011,27,12,25,4001],"class_list":{"0":"post-341275","1":"post","2":"type-post","3":"status-publish","4":"format-standard","5":"has-post-thumbnail","7":"category-saint-etienne","8":"tag-actu","9":"tag-actualites","10":"tag-auvergne-rhone-alpes","11":"tag-eu","12":"tag-europe","13":"tag-fr","14":"tag-france","15":"tag-news","16":"tag-republique-francaise","17":"tag-saint-etienne"},"share_on_mastodon":{"url":"https:\/\/pubeurope.com\/@fr\/115085417049587159","error":""},"_links":{"self":[{"href":"https:\/\/www.europesays.com\/fr\/wp-json\/wp\/v2\/posts\/341275","targetHints":{"allow":["GET"]}}],"collection":[{"href":"https:\/\/www.europesays.com\/fr\/wp-json\/wp\/v2\/posts"}],"about":[{"href":"https:\/\/www.europesays.com\/fr\/wp-json\/wp\/v2\/types\/post"}],"author":[{"embeddable":true,"href":"https:\/\/www.europesays.com\/fr\/wp-json\/wp\/v2\/users\/2"}],"replies":[{"embeddable":true,"href":"https:\/\/www.europesays.com\/fr\/wp-json\/wp\/v2\/comments?post=341275"}],"version-history":[{"count":0,"href":"https:\/\/www.europesays.com\/fr\/wp-json\/wp\/v2\/posts\/341275\/revisions"}],"wp:featuredmedia":[{"embeddable":true,"href":"https:\/\/www.europesays.com\/fr\/wp-json\/wp\/v2\/media\/341276"}],"wp:attachment":[{"href":"https:\/\/www.europesays.com\/fr\/wp-json\/wp\/v2\/media?parent=341275"}],"wp:term":[{"taxonomy":"category","embeddable":true,"href":"https:\/\/www.europesays.com\/fr\/wp-json\/wp\/v2\/categories?post=341275"},{"taxonomy":"post_tag","embeddable":true,"href":"https:\/\/www.europesays.com\/fr\/wp-json\/wp\/v2\/tags?post=341275"}],"curies":[{"name":"wp","href":"https:\/\/api.w.org\/{rel}","templated":true}]}}