{"id":341277,"date":"2025-08-24T19:36:13","date_gmt":"2025-08-24T19:36:13","guid":{"rendered":"https:\/\/www.europesays.com\/fr\/341277\/"},"modified":"2025-08-24T19:36:13","modified_gmt":"2025-08-24T19:36:13","slug":"a-nancy-la-communaute-ukrainienne-celebre-son-independance-malgre-la-guerre","status":"publish","type":"post","link":"https:\/\/www.europesays.com\/fr\/341277\/","title":{"rendered":"\u00c0 Nancy, la communaut\u00e9 ukrainienne c\u00e9l\u00e8bre son ind\u00e9pendance malgr\u00e9 la guerre"},"content":{"rendered":"<p>Dimanche 24 ao\u00fbt, les r\u00e9fugi\u00e9s ukrainiens install\u00e9s en Lorraine ont f\u00eat\u00e9 le 34\u1d49 anniversaire de l\u2019ind\u00e9pendance de leur pays. \u00c0 l\u2019h\u00f4tel de ville de Nancy, ils se sont rassembl\u00e9s pour rendre hommage \u00e0 l\u2019Ukraine.<\/p>\n<p>Dans les grands salons de l\u2019h\u00f4tel de ville de Nancy, l\u2019hymne ukrainien r\u00e9sonne. Sur sc\u00e8ne, le drapeau bleu et jaune rappelle la date symbolique. Le 24 ao\u00fbt 1991, l\u2019Ukraine proclamait son ind\u00e9pendance. Depuis f\u00e9vrier 2022, environ 1 600 Ukrainiens se sont r\u00e9fugi\u00e9s en Meurthe-et-Moselle. Ils sont encore 1 100 aujourd\u2019hui, dont plus de 600 \u00e0 Nancy.<\/p>\n<p>Entre chants, po\u00e8mes et discours, l&rsquo;instant \u00e9tait au plaisir d&rsquo;\u00eatre ensemble et de c\u00e9l\u00e9brer la culture ukrainienne. \u00ab\u00a0\u00c7a fait plaisir de voir les Ukrainiens qui se r\u00e9unissent. <strong>C\u2019est important d\u2019entretenir ce lien entre nous\u00a0\u00bb<\/strong>, souligne Nataliia.\u00a0Un sentiment partag\u00e9 par Ivan, qui a particip\u00e9 \u00e0 l\u2019organisation. \u00ab\u00a0Nous nous unissons pour remonter le moral de ceux qui sont rest\u00e9s en Ukraine. Nous nous inqui\u00e9tons pour eux, pour nos soldats, pour notre pays. O<strong>n veut que la guerre se termine au plus vite, que la paix revienne, et que nous puissions rentrer chez nous.\u00a0\u00bb<\/strong><\/p>\n<p>Les gens sont perdus<\/p>\n<p>Mais dans la salle, l\u2019horizon reste sombre. Les discussions autour d&rsquo;un cessez-le-feu ne suscitent aucun espoir pour Doliana, \u00e9tudiante en droit. <strong>\u00ab\u00a0\u00c7a repr\u00e9sente juste l\u2019essai de Trump de montrer que c\u2019est lui qui va faire aboutir la paix<\/strong>, alors que Poutine a son jeu en t\u00eate depuis longtemps, c\u2019est de restaurer l\u2019Union sovi\u00e9tique dans ses fronti\u00e8res d\u2019avant, il ne va pas l\u00e2cher.\u00a0\u00bb<\/p>\n<p>La guerre qui s&rsquo;enlise est un drame pour les familles de r\u00e9fugi\u00e9s.\u00a0Roman Filinyuk, pr\u00e9sident de l\u2019association Les Lumi\u00e8res de l\u2019Ukraine les accompagne. \u00ab\u00a0Les gens qui sont venus pensaient rester un an maximum, l\u00e0 \u00e7a fait trois ans et demi. <strong>Les gens sont perdus. De plus en plus, ils pense rester pour la scolarit\u00e9 et les \u00e9tudes de leurs enfants.<\/strong>\u00ab\u00a0<\/p>\n<p>Alors que le conflit s\u2019\u00e9ternise, Roman s\u2019adresse aux Europ\u00e9ens. De la fen\u00eatre de la salle, il montre la statue de Stanislas, duc de Lorraine n\u00e9 \u00e0 Lviv, dans l&rsquo;actuelle Ukraine. \u00ab\u00a0On prot\u00e8ge les fronti\u00e8res mais aidez-nous parce que si on tombe, apr\u00e8s \u00e7a va \u00eatre vous.\u00a0\u00bb<\/p>\n","protected":false},"excerpt":{"rendered":"Dimanche 24 ao\u00fbt, les r\u00e9fugi\u00e9s ukrainiens install\u00e9s en Lorraine ont f\u00eat\u00e9 le 34\u1d49 anniversaire de l\u2019ind\u00e9pendance de leur&hellip;\n","protected":false},"author":2,"featured_media":341278,"comment_status":"","ping_status":"","sticky":false,"template":"","format":"standard","meta":{"footnotes":""},"categories":[9635],"tags":[1111,11,1777,674,1011,27,775,1702,12,25],"class_list":{"0":"post-341277","1":"post","2":"type-post","3":"status-publish","4":"format-standard","5":"has-post-thumbnail","7":"category-nancy","8":"tag-actu","9":"tag-actualites","10":"tag-eu","11":"tag-europe","12":"tag-fr","13":"tag-france","14":"tag-grand-est","15":"tag-nancy","16":"tag-news","17":"tag-republique-francaise"},"share_on_mastodon":{"url":"https:\/\/pubeurope.com\/@fr\/115085428845525544","error":""},"_links":{"self":[{"href":"https:\/\/www.europesays.com\/fr\/wp-json\/wp\/v2\/posts\/341277","targetHints":{"allow":["GET"]}}],"collection":[{"href":"https:\/\/www.europesays.com\/fr\/wp-json\/wp\/v2\/posts"}],"about":[{"href":"https:\/\/www.europesays.com\/fr\/wp-json\/wp\/v2\/types\/post"}],"author":[{"embeddable":true,"href":"https:\/\/www.europesays.com\/fr\/wp-json\/wp\/v2\/users\/2"}],"replies":[{"embeddable":true,"href":"https:\/\/www.europesays.com\/fr\/wp-json\/wp\/v2\/comments?post=341277"}],"version-history":[{"count":0,"href":"https:\/\/www.europesays.com\/fr\/wp-json\/wp\/v2\/posts\/341277\/revisions"}],"wp:featuredmedia":[{"embeddable":true,"href":"https:\/\/www.europesays.com\/fr\/wp-json\/wp\/v2\/media\/341278"}],"wp:attachment":[{"href":"https:\/\/www.europesays.com\/fr\/wp-json\/wp\/v2\/media?parent=341277"}],"wp:term":[{"taxonomy":"category","embeddable":true,"href":"https:\/\/www.europesays.com\/fr\/wp-json\/wp\/v2\/categories?post=341277"},{"taxonomy":"post_tag","embeddable":true,"href":"https:\/\/www.europesays.com\/fr\/wp-json\/wp\/v2\/tags?post=341277"}],"curies":[{"name":"wp","href":"https:\/\/api.w.org\/{rel}","templated":true}]}}