{"id":341279,"date":"2025-08-24T19:38:14","date_gmt":"2025-08-24T19:38:14","guid":{"rendered":"https:\/\/www.europesays.com\/fr\/341279\/"},"modified":"2025-08-24T19:38:14","modified_gmt":"2025-08-24T19:38:14","slug":"lentrainement-du-rc-toulon-ouvert-au-public-ce-mardi-26-aout-au-campus-rct","status":"publish","type":"post","link":"https:\/\/www.europesays.com\/fr\/341279\/","title":{"rendered":"L\u2019entra\u00eenement du RC Toulon ouvert au public ce mardi 26 ao\u00fbt au Campus RCT"},"content":{"rendered":"<p>Le RCT ouvrira son entra\u00eenement au public mardi 26 ao\u00fbt \u00e0 9h00 au Campus RCT, avant son dernier match amical contre Clermont.<\/p>\n<p><img fetchpriority=\"high\" decoding=\"async\" width=\"1024\" height=\"768\" alt=\"campus RCT Toulon\" title=\"RCT (2)\" src=\"https:\/\/www.europesays.com\/fr\/wp-content\/uploads\/2025\/08\/RCT-2-scaled-1.webp.webp\" class=\"img-responsive wp-image-4085\"\/><\/p>\n<p>Mayol \u2013 CREDIT : Var Actu<\/p>\n<p>Bonne nouvelle pour les supporters du Rugby Club Toulonnais. Le RCT ouvrira les portes de son entra\u00eenement au public ce mardi 26 ao\u00fbt, au Campus RCT. Les fans pourront ainsi assister \u00e0 la pr\u00e9paration de leur \u00e9quipe \u2026<\/p>\n<p>Lire la suite dans l\u2019article <a href=\"https:\/\/www.varactu.fr\/lentrainement-du-rc-toulon-ouvert-au-public-ce-mardi-26-aout-au-campus-rct\/\" rel=\"nofollow noopener\" target=\"_blank\">L\u2019entra\u00eenement du RC Toulon ouvert au public ce mardi 26 ao\u00fbt au Campus RCT<\/a> qui est apparu en premier sur <a href=\"https:\/\/www.varactu.fr\" rel=\"nofollow noopener\" target=\"_blank\">Var Actu<\/a>.<\/p>\n","protected":false},"excerpt":{"rendered":"Le RCT ouvrira son entra\u00eenement au public mardi 26 ao\u00fbt \u00e0 9h00 au Campus RCT, avant son dernier&hellip;\n","protected":false},"author":2,"featured_media":341280,"comment_status":"","ping_status":"","sticky":false,"template":"","format":"standard","meta":{"footnotes":""},"categories":[9619],"tags":[1111,11,1777,674,1011,27,12,882,25,2310],"class_list":{"0":"post-341279","1":"post","2":"type-post","3":"status-publish","4":"format-standard","5":"has-post-thumbnail","7":"category-toulon","8":"tag-actu","9":"tag-actualites","10":"tag-eu","11":"tag-europe","12":"tag-fr","13":"tag-france","14":"tag-news","15":"tag-provence-alpes-cote-dazur","16":"tag-republique-francaise","17":"tag-toulon"},"share_on_mastodon":{"url":"https:\/\/pubeurope.com\/@fr\/115085437128383273","error":""},"_links":{"self":[{"href":"https:\/\/www.europesays.com\/fr\/wp-json\/wp\/v2\/posts\/341279","targetHints":{"allow":["GET"]}}],"collection":[{"href":"https:\/\/www.europesays.com\/fr\/wp-json\/wp\/v2\/posts"}],"about":[{"href":"https:\/\/www.europesays.com\/fr\/wp-json\/wp\/v2\/types\/post"}],"author":[{"embeddable":true,"href":"https:\/\/www.europesays.com\/fr\/wp-json\/wp\/v2\/users\/2"}],"replies":[{"embeddable":true,"href":"https:\/\/www.europesays.com\/fr\/wp-json\/wp\/v2\/comments?post=341279"}],"version-history":[{"count":0,"href":"https:\/\/www.europesays.com\/fr\/wp-json\/wp\/v2\/posts\/341279\/revisions"}],"wp:featuredmedia":[{"embeddable":true,"href":"https:\/\/www.europesays.com\/fr\/wp-json\/wp\/v2\/media\/341280"}],"wp:attachment":[{"href":"https:\/\/www.europesays.com\/fr\/wp-json\/wp\/v2\/media?parent=341279"}],"wp:term":[{"taxonomy":"category","embeddable":true,"href":"https:\/\/www.europesays.com\/fr\/wp-json\/wp\/v2\/categories?post=341279"},{"taxonomy":"post_tag","embeddable":true,"href":"https:\/\/www.europesays.com\/fr\/wp-json\/wp\/v2\/tags?post=341279"}],"curies":[{"name":"wp","href":"https:\/\/api.w.org\/{rel}","templated":true}]}}