{"id":341281,"date":"2025-08-24T19:39:22","date_gmt":"2025-08-24T19:39:22","guid":{"rendered":"https:\/\/www.europesays.com\/fr\/341281\/"},"modified":"2025-08-24T19:39:22","modified_gmt":"2025-08-24T19:39:22","slug":"telephone-dedie-cache-amenagee-cinq-trajets-realises-un-chauffeur-roumain-arrete-par-la-douane-sur-la9-avec-19-kg-de-cocaine","status":"publish","type":"post","link":"https:\/\/www.europesays.com\/fr\/341281\/","title":{"rendered":"T\u00e9l\u00e9phone d\u00e9di\u00e9, cache am\u00e9nag\u00e9e, cinq trajets r\u00e9alis\u00e9s\u2026\u00a0: un chauffeur roumain arr\u00eat\u00e9 par la douane, sur l\u2019A9, avec 19\u00a0kg de coca\u00efne"},"content":{"rendered":"<p>\n                                                                Derni\u00e8rement, un chauffeur roumain de 35 ans comparaissait devant le tribunal judiciaire de Montpellier pour avoir transport\u00e9 19\u00a0kg de coca\u00efne en provenance d\u2019Espagne, \u00e0 l\u2019arri\u00e8re de son poids lourd.\n                            <\/p>\n<p>Interpell\u00e9 par les douaniers de Montpellier, Claudiu-Cezar X, \u00e2g\u00e9 de 35 ans, de nationalit\u00e9 roumaine, transportait de la marchandise depuis l\u2019Espagne vers l\u2019Italie via\u00a0la r\u00e9gion Occitanie. Une fouille minutieuse a permis de d\u00e9couvrir un espace de 40\u00a0cm \u00e0 l\u2019arri\u00e8re de son v\u00e9hicule dissimulant un sac de sport contenant 19,2\u00a0kg de coca\u00efne, d\u2019une valeur estim\u00e9e \u00e0 plus de 700\u00a0000\u00a0euros.<\/p>\n<p>\u00ab\u00a0J\u2019avais besoin d\u2019argent\u00a0\u00bb<\/p>\n<p>Les faits, qui remontent au 25\u00a0juillet, ont \u00e9t\u00e9 reconnus par le chauffeur. Il explique avoir d\u2019abord refus\u00e9 la proposition, avant de c\u00e9der\u00a0: \u00ab\u00a0J\u2019avais besoin d\u2019argent\u00a0\u00bb, d\u00e9clare-t-il. Claudiu-Cezar vit en Allemagne, \u00e0 une quinzaine de kilom\u00e8tres de la fronti\u00e8re fran\u00e7aise, avec sa compagne et leurs deux enfants, et rend r\u00e9guli\u00e8rement visite \u00e0 ses deux autres enfants en Roumanie.<\/p>\n<p>Propri\u00e9taire d\u2019une entreprise de transport routier depuis quinze ans, il d\u00e9clarait percevoir entre 1\u00a0500 et 2\u00a0000\u00a0euros par mois. Son casier judiciaire ne comportait qu\u2019une mention pour un d\u00e9lit routier. Endett\u00e9 \u00e0 hauteur de 20\u00a0000\u00a0euros, il esp\u00e9rait ainsi \u00ab\u00a0sortir des probl\u00e8mes financiers\u00a0\u00bb\u00a0et aider sa famille.<\/p>\n<p>Un syst\u00e8me organis\u00e9 et une cache am\u00e9nag\u00e9e<\/p>\n<p>Les investigations r\u00e9v\u00e8lent un syst\u00e8me rod\u00e9\u00a0: t\u00e9l\u00e9phone d\u00e9di\u00e9 \u00e0 l\u2019activit\u00e9, trajets d\u00e9clench\u00e9s par simple message, cache am\u00e9nag\u00e9e dans le camion. Le pr\u00e9venu reconna\u00eet un autre transport similaire, \u00e9voquant au total cinq trajets, trois \u00ab\u00a0\u00e0 vide\u00a0\u00bb\u00a0et deux \u00ab\u00a0pleins\u00a0\u00bb\u00a0r\u00e9alis\u00e9s sur une courte p\u00e9riode. Gr\u00e2ce \u00e0 cette activit\u00e9 ce dernier aurait g\u00e9n\u00e9r\u00e9 pr\u00e8s de 40\u00a0000\u00a0euros au total.<\/p>\n<p>Lors de ses r\u00e9quisitions, le procureur a insist\u00e9 sur le caract\u00e8re r\u00e9p\u00e9t\u00e9 des voyages, \u00e9cartant l\u2019id\u00e9e d\u2019un \u00ab\u00a0one shot\u00a0\u00bb.\u00a0\u00ab\u00a0Il a eu le temps de r\u00e9fl\u00e9chir et de s\u2019organiser\u00a0\u00bb, a-t-il soulign\u00e9, reprochant au pr\u00e9venu de ne pas donner d\u2019informations pr\u00e9cises sur ses partenaires.<\/p>\n<p>Interdiction du territoire fran\u00e7ais et 200\u00a0000\u00a0euros d\u2019amende<\/p>\n<p>La d\u00e9fense, elle, a mis en avant la coop\u00e9ration de son client d\u00e8s la garde \u00e0 vue. Il a indiqu\u00e9 o\u00f9 il avait rencontr\u00e9 celui qu\u2019il pr\u00e9nomme \u00ab\u00a0le Marocain\u00a0\u00bb\u00a0qui l\u2019a recrut\u00e9, a mentionn\u00e9 un trajet pr\u00e9c\u00e9dent effectu\u00e9 avant son interpellation, et ses d\u00e9clarations ont \u00e9t\u00e9 confirm\u00e9es par l\u2019exploitation de son t\u00e9l\u00e9phone. Selon son avocat, il ignorait la nature exacte et la valeur de la cargaison.<\/p>\n<p>Le tribunal judiciaire de Montpellier a finalement condamn\u00e9 Claudiu-Cezar \u00e0 trois ans d\u2019emprisonnement, dont un an assorti d\u2019un sursis simple, avec une interdiction du territoire fran\u00e7ais pendant sept ans, une amende de 200\u00a0000\u00a0euros et la confiscation de son v\u00e9hicule. Concernant la partie ferme, il a \u00e9t\u00e9 \u00e9crou\u00e9.<\/p>\n","protected":false},"excerpt":{"rendered":"Derni\u00e8rement, un chauffeur roumain de 35 ans comparaissait devant le tribunal judiciaire de Montpellier pour avoir transport\u00e9 19\u00a0kg&hellip;\n","protected":false},"author":2,"featured_media":341282,"comment_status":"","ping_status":"","sticky":false,"template":"","format":"standard","meta":{"footnotes":""},"categories":[9599],"tags":[1111,11,1777,674,1011,27,2208,12,2680,25],"class_list":{"0":"post-341281","1":"post","2":"type-post","3":"status-publish","4":"format-standard","5":"has-post-thumbnail","7":"category-montpellier","8":"tag-actu","9":"tag-actualites","10":"tag-eu","11":"tag-europe","12":"tag-fr","13":"tag-france","14":"tag-montpellier","15":"tag-news","16":"tag-occitanie","17":"tag-republique-francaise"},"share_on_mastodon":{"url":"https:\/\/pubeurope.com\/@fr\/115085440745583706","error":""},"_links":{"self":[{"href":"https:\/\/www.europesays.com\/fr\/wp-json\/wp\/v2\/posts\/341281","targetHints":{"allow":["GET"]}}],"collection":[{"href":"https:\/\/www.europesays.com\/fr\/wp-json\/wp\/v2\/posts"}],"about":[{"href":"https:\/\/www.europesays.com\/fr\/wp-json\/wp\/v2\/types\/post"}],"author":[{"embeddable":true,"href":"https:\/\/www.europesays.com\/fr\/wp-json\/wp\/v2\/users\/2"}],"replies":[{"embeddable":true,"href":"https:\/\/www.europesays.com\/fr\/wp-json\/wp\/v2\/comments?post=341281"}],"version-history":[{"count":0,"href":"https:\/\/www.europesays.com\/fr\/wp-json\/wp\/v2\/posts\/341281\/revisions"}],"wp:featuredmedia":[{"embeddable":true,"href":"https:\/\/www.europesays.com\/fr\/wp-json\/wp\/v2\/media\/341282"}],"wp:attachment":[{"href":"https:\/\/www.europesays.com\/fr\/wp-json\/wp\/v2\/media?parent=341281"}],"wp:term":[{"taxonomy":"category","embeddable":true,"href":"https:\/\/www.europesays.com\/fr\/wp-json\/wp\/v2\/categories?post=341281"},{"taxonomy":"post_tag","embeddable":true,"href":"https:\/\/www.europesays.com\/fr\/wp-json\/wp\/v2\/tags?post=341281"}],"curies":[{"name":"wp","href":"https:\/\/api.w.org\/{rel}","templated":true}]}}