{"id":341284,"date":"2025-08-24T19:42:45","date_gmt":"2025-08-24T19:42:45","guid":{"rendered":"https:\/\/www.europesays.com\/fr\/341284\/"},"modified":"2025-08-24T19:42:45","modified_gmt":"2025-08-24T19:42:45","slug":"un-match-accompli-et-intelligent-savoure-brouard-apres-sochaux","status":"publish","type":"post","link":"https:\/\/www.europesays.com\/fr\/341284\/","title":{"rendered":"\u00ab\u00a0Un match accompli et intelligent\u00a0\u00bb savoure Brouard apr\u00e8s Sochaux"},"content":{"rendered":"<p>Zapping Foot National Les Petits Princes du Rocher, immersion dans le Groupe \u00c9lite de l\u2019AS Monaco !<\/p>\n<p>Une tr\u00e8s belle performance face \u00e0 l\u2019un des cadors du championnat. Ce vendredi soir, le FC Rouen recevait effectivement Sochaux dans le cadre du troisi\u00e8me multiplex de National de la saison. Une rencontre qui a vu le club normand s\u2019imposer sur le score de <a href=\"https:\/\/www.foot-national.com\/actus\/3-3-pour-versailles-caen-et-valenciennes-sinclinent-rouen-soffre-sochaux-922506\" rel=\"nofollow noopener\" target=\"_blank\">trois buts \u00e0 un<\/a>, dans un stade Robert Diochon \u00e0 huis clos. \u00ab\u00a0On a fait un match accompli, intelligent. Tactiquement, \u00e7a a \u00e9t\u00e9 pratiquement parfait. Il fallait jouer avec sa t\u00eate\u00a0\u00bb a comment\u00e9 R\u00e9gis Brouard en conf\u00e9rence de presse d\u2019apr\u00e8s-match.\u00a0<\/p>\n<p>\u00ab\u00a0Quand vous \u00eates entra\u00eeneur vous adorez ce type de match. Il y a eu une discipline collective. C\u2019est une vraie ossature dans le travail, j\u2019esp\u00e8re qu\u2019on va pouvoir continuer \u00e0 travailler dans la s\u00e9r\u00e9nit\u00e9 et la tranquillit\u00e9. C\u2019est \u00e7a le plus important ce soir\u00a0\u00bb a poursuivi l\u2019entra\u00eeneur rouennais dans des propos rapport\u00e9s par nos confr\u00e8res de Paris-Normandie.\u00a0<\/p>\n<p>Le FC Rouen au pied du podium<\/p>\n<p>Le club fond\u00e9 en 1899 reste sur deux matchs nuls et une victoire en ce d\u00e9but de saison 2025-2026. Et R\u00e9gis Brouard se f\u00e9licite de ne pas \u00eatre\u2026 \u00ab\u00a0un trou du cul\u00a0\u00bb apr\u00e8s que ses choix aient \u00e9t\u00e9 encens\u00e9s par la presse pr\u00e9sente sur place. \u00ab\u00a0Par rapport aux choix d\u2019un entra\u00eeneur, quand \u00e7a marche, on dit qu\u2019ils ont \u00e9t\u00e9 bons et quand \u00e7a ne marche pas, on dit qu\u2019on est des trous du cul, qu\u2019on ne conna\u00eet rien au foot\u2026 J\u2019ai beaucoup de recul par rapport \u00e0 \u00e7a. Effectivement, on a fait jouer des jeunes. Il fallait les mettre contre Sochaux\u2026 Ce n\u2019\u00e9tait pas facile pour eux, mais ils ont r\u00e9pondu pr\u00e9sent\u00a0\u00bb a-t-il conclu.\u00a0<\/p>\n<p>Partagez cette info avec vos amis et vos proches en cliquant ici<br \/>Pour r\u00e9sumer<\/p>\n<p>Une tr\u00e8s belle performance face \u00e0 l\u2019un des cadors du championnat. Ce vendredi soir, le FC Rouen recevait effectivement Sochaux dans le cadre du troisi\u00e8me multiplex de National de la saison. Une rencontre qui a vu le club normand s\u2019imposer sur le score de trois buts \u00e0 un, dans un stade Robert Diochon \u00e0 huis clos.<\/p>\n<p> <img decoding=\"async\" width=\"76\" height=\"76\" loading=\"lazy\" src=\"https:\/\/static.wui.fr\/images_v3\/avatar-footnational.png\" alt=\"Youcef Ghalaza-Boudra\"\/><\/p>\n","protected":false},"excerpt":{"rendered":"Zapping Foot National Les Petits Princes du Rocher, immersion dans le Groupe \u00c9lite de l\u2019AS Monaco ! Une&hellip;\n","protected":false},"author":2,"featured_media":341285,"comment_status":"","ping_status":"","sticky":false,"template":"","format":"standard","meta":{"footnotes":""},"categories":[9587],"tags":[1111,11,1777,674,1011,27,12,5161,25,9590],"class_list":{"0":"post-341284","1":"post","2":"type-post","3":"status-publish","4":"format-standard","5":"has-post-thumbnail","7":"category-rouen","8":"tag-actu","9":"tag-actualites","10":"tag-eu","11":"tag-europe","12":"tag-fr","13":"tag-france","14":"tag-news","15":"tag-normandie","16":"tag-republique-francaise","17":"tag-rouen"},"share_on_mastodon":{"url":"https:\/\/pubeurope.com\/@fr\/115085452622346322","error":""},"_links":{"self":[{"href":"https:\/\/www.europesays.com\/fr\/wp-json\/wp\/v2\/posts\/341284","targetHints":{"allow":["GET"]}}],"collection":[{"href":"https:\/\/www.europesays.com\/fr\/wp-json\/wp\/v2\/posts"}],"about":[{"href":"https:\/\/www.europesays.com\/fr\/wp-json\/wp\/v2\/types\/post"}],"author":[{"embeddable":true,"href":"https:\/\/www.europesays.com\/fr\/wp-json\/wp\/v2\/users\/2"}],"replies":[{"embeddable":true,"href":"https:\/\/www.europesays.com\/fr\/wp-json\/wp\/v2\/comments?post=341284"}],"version-history":[{"count":0,"href":"https:\/\/www.europesays.com\/fr\/wp-json\/wp\/v2\/posts\/341284\/revisions"}],"wp:featuredmedia":[{"embeddable":true,"href":"https:\/\/www.europesays.com\/fr\/wp-json\/wp\/v2\/media\/341285"}],"wp:attachment":[{"href":"https:\/\/www.europesays.com\/fr\/wp-json\/wp\/v2\/media?parent=341284"}],"wp:term":[{"taxonomy":"category","embeddable":true,"href":"https:\/\/www.europesays.com\/fr\/wp-json\/wp\/v2\/categories?post=341284"},{"taxonomy":"post_tag","embeddable":true,"href":"https:\/\/www.europesays.com\/fr\/wp-json\/wp\/v2\/tags?post=341284"}],"curies":[{"name":"wp","href":"https:\/\/api.w.org\/{rel}","templated":true}]}}