{"id":341288,"date":"2025-08-24T19:46:40","date_gmt":"2025-08-24T19:46:40","guid":{"rendered":"https:\/\/www.europesays.com\/fr\/341288\/"},"modified":"2025-08-24T19:46:40","modified_gmt":"2025-08-24T19:46:40","slug":"decouverte-dun-corps-calcine-en-ille-et-vilaine-la-victime-identifiee-deux-hommes-places-en-garde-a-vue-pour-meurtre-aggrave","status":"publish","type":"post","link":"https:\/\/www.europesays.com\/fr\/341288\/","title":{"rendered":"D\u00e9couverte d\u2019un corps calcin\u00e9 en Ille-et-Vilaine\u00a0: la victime identifi\u00e9e, deux hommes plac\u00e9s en garde \u00e0 vue pour \u00ab\u00a0meurtre aggrav\u00e9\u00a0\u00bb"},"content":{"rendered":"<p>Le cadavre \u00ab en partie calcin\u00e9 \u00bb d\u2019un homme retrouv\u00e9, samedi 23 ao\u00fbt 2025, sur un parking proche d\u2019un plan d\u2019eau situ\u00e9 \u00e0 La Chapelle-Erbr\u00e9e (35), pr\u00e8s de Vitr\u00e9, vient d\u2019\u00eatre identifi\u00e9. <\/p>\n<p>Selon le procureur de la R\u00e9publique du tribunal judiciaire de Rennes, Fr\u00e9d\u00e9ric Teillet, il s\u2019agit d\u2019un \u00ab homme de 46 ans demeurant \u00e0 Argentr\u00e9-du-Plessis \u00bb, \u00e0 15 minutes de l\u2019endroit o\u00f9 a \u00e9t\u00e9 d\u00e9couvert son corps. Une identification rendue possible gr\u00e2ce \u00ab \u00e0 son t\u00e9l\u00e9phone portable retrouv\u00e9 sur le lieu, qui n\u2019avait pas totalement br\u00fbl\u00e9 \u00bb et \u00e0 \u00ab ses tatouages \u00bb.<\/p>\n<p>Deux hommes de 37 et 70 ans interpell\u00e9s <\/p>\n<p>D\u2019apr\u00e8s le m\u00e9decin l\u00e9giste, cit\u00e9 par M. Teillet, une \u00ab fracture de la m\u00e2choire \u00bb, \u00ab divers coups sur le visage port\u00e9s \u00e0 l\u2019aide d\u2019un objet contondant, ainsi que de multiples plaies \u00e0 l\u2019arri\u00e8re du cr\u00e2ne \u00bb ont \u00e9t\u00e9 constat\u00e9s sur le corps de la victime. Une autopsie est pr\u00e9vue ce lundi 25 ao\u00fbt 2025, afin de conna\u00eetre les causes exactes du d\u00e9c\u00e8s. <\/p>\n<p>En charge des investigations, la brigade des recherches de Vitr\u00e9 a proc\u00e9d\u00e9 \u00e0 l\u2019interpellation d\u2019un premier suspect \u00e2g\u00e9 de 37 ans, samedi en d\u00e9but d\u2019apr\u00e8s-midi, puis d\u2019un deuxi\u00e8me ce dimanche matin, \u00e2g\u00e9, lui, de 70 ans, pr\u00e9cise M. Teillet. Le procureur de la R\u00e9publique indique enfin \u00ab ces deux hommes sont plac\u00e9s en garde \u00e0 vue [pour] meurtre aggrav\u00e9 \u00bb.<\/p>\n","protected":false},"excerpt":{"rendered":"Le cadavre \u00ab en partie calcin\u00e9 \u00bb d\u2019un homme retrouv\u00e9, samedi 23 ao\u00fbt 2025, sur un parking proche&hellip;\n","protected":false},"author":2,"featured_media":341289,"comment_status":"","ping_status":"","sticky":false,"template":"","format":"standard","meta":{"footnotes":""},"categories":[2821],"tags":[1111,11,829,1777,674,1011,27,848,4555,12,584,25],"class_list":{"0":"post-341288","1":"post","2":"type-post","3":"status-publish","4":"format-standard","5":"has-post-thumbnail","7":"category-rennes","8":"tag-actu","9":"tag-actualites","10":"tag-bretagne","11":"tag-eu","12":"tag-europe","13":"tag-fr","14":"tag-france","15":"tag-ille-et-vilaine","16":"tag-local","17":"tag-news","18":"tag-rennes","19":"tag-republique-francaise"},"share_on_mastodon":{"url":"https:\/\/pubeurope.com\/@fr\/115085468259681156","error":""},"_links":{"self":[{"href":"https:\/\/www.europesays.com\/fr\/wp-json\/wp\/v2\/posts\/341288","targetHints":{"allow":["GET"]}}],"collection":[{"href":"https:\/\/www.europesays.com\/fr\/wp-json\/wp\/v2\/posts"}],"about":[{"href":"https:\/\/www.europesays.com\/fr\/wp-json\/wp\/v2\/types\/post"}],"author":[{"embeddable":true,"href":"https:\/\/www.europesays.com\/fr\/wp-json\/wp\/v2\/users\/2"}],"replies":[{"embeddable":true,"href":"https:\/\/www.europesays.com\/fr\/wp-json\/wp\/v2\/comments?post=341288"}],"version-history":[{"count":0,"href":"https:\/\/www.europesays.com\/fr\/wp-json\/wp\/v2\/posts\/341288\/revisions"}],"wp:featuredmedia":[{"embeddable":true,"href":"https:\/\/www.europesays.com\/fr\/wp-json\/wp\/v2\/media\/341289"}],"wp:attachment":[{"href":"https:\/\/www.europesays.com\/fr\/wp-json\/wp\/v2\/media?parent=341288"}],"wp:term":[{"taxonomy":"category","embeddable":true,"href":"https:\/\/www.europesays.com\/fr\/wp-json\/wp\/v2\/categories?post=341288"},{"taxonomy":"post_tag","embeddable":true,"href":"https:\/\/www.europesays.com\/fr\/wp-json\/wp\/v2\/tags?post=341288"}],"curies":[{"name":"wp","href":"https:\/\/api.w.org\/{rel}","templated":true}]}}