{"id":341290,"date":"2025-08-24T19:47:11","date_gmt":"2025-08-24T19:47:11","guid":{"rendered":"https:\/\/www.europesays.com\/fr\/341290\/"},"modified":"2025-08-24T19:47:11","modified_gmt":"2025-08-24T19:47:11","slug":"lorient-rennes-une-victoire-presque-inesperee-dans-le-derby-pour-les-merlus","status":"publish","type":"post","link":"https:\/\/www.europesays.com\/fr\/341290\/","title":{"rendered":"Lorient &#8211; Rennes : une victoire presque inesp\u00e9r\u00e9e dans le derby pour les Merlus"},"content":{"rendered":"<p>Ligue 1 (2e journ\u00e9e). Lorient &#8211; Rennes : 4-0<\/p>\n<p>On pourrait invoquer la force de l\u2019habitude pour cette <a href=\"https:\/\/www.letelegramme.fr\/sports\/football\/fc-lorient\/lorient-rennes-le-fcl-fait-tomber-les-records-avec-sa-large-victoire-6875663.php\" target=\"_blank\" title=\"Lire notre article du 24 ao\u00fbt 2025\" rel=\"noopener\">cinqui\u00e8me victoire d\u2019affil\u00e9e de Lorient en autant de derbys face \u00e0 Rennes<\/a>, depuis le premier match de R\u00e9gis Le Bris en Ligue 1, en ao\u00fbt 2022. Mais celle-ci s\u2019est construite dans des circonstances tr\u00e8s particuli\u00e8res, apr\u00e8s les exclusions pr\u00e9coces des Rennais Mahdi Camara (6\u2019) et Christopher Wooh (10\u2019). \u00ab En se retrouvant en sup\u00e9riorit\u00e9 num\u00e9rique si t\u00f4t, c\u2019est difficile de tirer des enseignements. Mais on fait une excellente entame de match, ce qui explique aussi les deux cartons rouges. On a su mettre cette \u00e9quipe sous pression et lui faire commettre ces erreurs \u00bb, retient l\u2019entra\u00eeneur Olivier Pantaloni, loin de fanfaronner apr\u00e8s ce large succ\u00e8s face au voisin rennais.<\/p>\n<p>Des carences techniques inqui\u00e9tantes<\/p>\n<p><a href=\"https:\/\/www.letelegramme.fr\/sports\/football\/fc-lorient\/battu-a-auxerre-le-fc-lorient-nest-pas-encore-dattaque-pour-son-retour-en-ligue-1-6872675.php\" target=\"_blank\" title=\"Lire notre article du 17 ao\u00fbt 2025\" rel=\"noopener\">Comme \u00e0 Auxerre une semaine plus t\u00f4t pour son retour en Ligue 1<\/a>, ce FC Lorient a encore affich\u00e9 des carences techniques inqui\u00e9tantes \u00e0 ce niveau. Et il a fallu attendre les arr\u00eats de jeu de la premi\u00e8re p\u00e9riode pour voir l\u2019avant-centre Sambou Soumano enfin trouver le chemin des filets, apr\u00e8s deux premiers duels perdus face au gardien, comme lors de son entr\u00e9e en jeu \u00e0 Auxerre. L\u00e0 encore, Pantaloni trouve les explications dans le d\u00e9roulement du match : \u00ab On a \u00e9t\u00e9 surpris. On avait d\u00e9cid\u00e9 d\u2019attendre cette \u00e9quipe et de rester bien en bloc pour les contrer. Avec cette sup\u00e9riorit\u00e9 num\u00e9rique, on ne savait plus s\u2019il fallait continuer \u00e0 les attendre ou aller les chercher plus haut. On abordait ce match avec volont\u00e9 et d\u00e9termination, mais aussi avec un peu de doute par rapport aux forces de cette \u00e9quipe \u00bb. Ce doute, qui semble habiter en ce d\u00e9but de saison <a href=\"https:\/\/www.letelegramme.fr\/sports\/football\/fc-lorient\/il-y-a-encore-des-reglages-a-parfaire-mais-le-fc-lorient-a-deja-des-reperes-collectifs-en-attendant-le-talent-6872832.php\" target=\"_blank\" title=\"Lire notre article du 18 ao\u00fbt 2025\" rel=\"noopener\">un collectif pourtant bien rod\u00e9 en Ligue 2<\/a>, ne s\u2019est pas dissip\u00e9 apr\u00e8s la double exclusion. C\u2019est m\u00eame Rennes qui se procure la premi\u00e8re occasion par l\u2019inarr\u00eatable Seko Fofana, dont la frappe enroul\u00e9e heurte la barre de Bingourou Kamara, lob\u00e9 sur le coup (21\u2019).<\/p>\n<p>Bamba et Pagis sur le banc au coup d\u2019envoi<\/p>\n<p>\u00ab Heureusement qu\u2019on marque en fin de premi\u00e8re et en d\u00e9but de deuxi\u00e8me p\u00e9riode, souligne le coach. On aurait d\u00fb faire mieux sur certaines phases de jeu, \u00eatre plus patients pour faire courir davantage cette \u00e9quipe et trouver nos attaquants dans de meilleures positions. \u00bb Un message qu\u2019il avait d\u00e9j\u00e0 adress\u00e9 \u00e0 ses joueurs apr\u00e8s la courte d\u00e9faite \u00e0 Auxerre. <\/p>\n<p>Il l\u2019a appuy\u00e9 cette semaine en se privant au coup d\u2019envoi de l\u2019avant-centre Mohamed Bamba, \u00ab diminu\u00e9 par des douleurs aux c\u00f4tes \u00bb, et surtout de son ma\u00eetre \u00e0 jouer Pablo Pagis, rentr\u00e9 pour inscrire le troisi\u00e8me but de son \u00e9quipe, c\u00e9l\u00e9br\u00e9 ostensiblement avec un doigt sur la tempe face au banc. \u00ab Tout le monde part sur un pied d\u2019\u00e9galit\u00e9. Il faut \u00eatre logique dans les choix et ne pas privil\u00e9gier un joueur plus qu\u2019un autre. On a r\u00e9ussi \u00e0 le faire la saison derni\u00e8re et c\u2019est important pour la coh\u00e9sion du groupe \u00bb, souligne Olivier Pantaloni, qui esp\u00e8re toujours \u00ab des renforts de qualit\u00e9 pour vivre une saison plus tranquille en Ligue 1 \u00bb. Car les sc\u00e9narios de match ne seront certainement pas toujours aussi favorables que lors de ce premier week-end au Moustoir.<\/p>\n","protected":false},"excerpt":{"rendered":"Ligue 1 (2e journ\u00e9e). Lorient &#8211; Rennes : 4-0 On pourrait invoquer la force de l\u2019habitude pour cette&hellip;\n","protected":false},"author":2,"featured_media":341291,"comment_status":"","ping_status":"","sticky":false,"template":"","format":"standard","meta":{"footnotes":""},"categories":[2821],"tags":[1111,11,829,3166,1777,674,3317,63,1011,27,66,1781,12,584,25,60],"class_list":{"0":"post-341290","1":"post","2":"type-post","3":"status-publish","4":"format-standard","5":"has-post-thumbnail","7":"category-rennes","8":"tag-actu","9":"tag-actualites","10":"tag-bretagne","11":"tag-en-continu-sports","12":"tag-eu","13":"tag-europe","14":"tag-fc-lorient","15":"tag-football","16":"tag-fr","17":"tag-france","18":"tag-ligue-1","19":"tag-lorient","20":"tag-news","21":"tag-rennes","22":"tag-republique-francaise","23":"tag-sports"},"share_on_mastodon":{"url":"https:\/\/pubeurope.com\/@fr\/115085472052251124","error":""},"_links":{"self":[{"href":"https:\/\/www.europesays.com\/fr\/wp-json\/wp\/v2\/posts\/341290","targetHints":{"allow":["GET"]}}],"collection":[{"href":"https:\/\/www.europesays.com\/fr\/wp-json\/wp\/v2\/posts"}],"about":[{"href":"https:\/\/www.europesays.com\/fr\/wp-json\/wp\/v2\/types\/post"}],"author":[{"embeddable":true,"href":"https:\/\/www.europesays.com\/fr\/wp-json\/wp\/v2\/users\/2"}],"replies":[{"embeddable":true,"href":"https:\/\/www.europesays.com\/fr\/wp-json\/wp\/v2\/comments?post=341290"}],"version-history":[{"count":0,"href":"https:\/\/www.europesays.com\/fr\/wp-json\/wp\/v2\/posts\/341290\/revisions"}],"wp:featuredmedia":[{"embeddable":true,"href":"https:\/\/www.europesays.com\/fr\/wp-json\/wp\/v2\/media\/341291"}],"wp:attachment":[{"href":"https:\/\/www.europesays.com\/fr\/wp-json\/wp\/v2\/media?parent=341290"}],"wp:term":[{"taxonomy":"category","embeddable":true,"href":"https:\/\/www.europesays.com\/fr\/wp-json\/wp\/v2\/categories?post=341290"},{"taxonomy":"post_tag","embeddable":true,"href":"https:\/\/www.europesays.com\/fr\/wp-json\/wp\/v2\/tags?post=341290"}],"curies":[{"name":"wp","href":"https:\/\/api.w.org\/{rel}","templated":true}]}}