{"id":341292,"date":"2025-08-24T19:49:12","date_gmt":"2025-08-24T19:49:12","guid":{"rendered":"https:\/\/www.europesays.com\/fr\/341292\/"},"modified":"2025-08-24T19:49:12","modified_gmt":"2025-08-24T19:49:12","slug":"signe-marcus-king-sig-strasbourg","status":"publish","type":"post","link":"https:\/\/www.europesays.com\/fr\/341292\/","title":{"rendered":"Sign\u00e9 Marcus \u00ab\u00a0King\u00a0\u00bb | SIG Strasbourg"},"content":{"rendered":"<p class=\"text-align-justify chapo\">Les SIGMEN faisaient leur grand retour avec le premier de match de pr\u00e9paration \u00e0 la saison 2025\/2026. Finalement, peu importe le score, le travail a \u00e9t\u00e9 r\u00e9compens\u00e9 ce soir par une victoire anecdotique 80-83 d\u2019un point de vue comptable, mais importante pour le moral afin de valider les premiers jours de pr\u00e9paration. L\u2019\u00e9quipe se remettra au travail afin de progresser encore et encore avec en ligne de mire la reprise officielle dans un mois. Prochaine \u00e9tape de la pr\u00e9paration, ce samedi \u00e0 20h, \u00e0 Saint Nicolas de Port face au SLUC NANCY.<\/p>\n<p>LA DONNE :<br \/>\nLa SIG Strasbourg faisait sa rentr\u00e9e des classes \u00e0 la Forest Arena. La SIG Strasbourg d\u00e9butait sa pr\u00e9paration pour la nouvelle saison avec la traditionnelle confrontation face \u00e0 l\u2019Alliance Sport Alsace. Les SIGmen devaient faire sans Gabe Brown, \u00e0 cause d\u2019une l\u00e9g\u00e8re entorse \u00e0 la cheville et sans Mike Davis Jr, qui ressentait des petites douleurs musculaires. Sans son duo d\u2019Am\u00e9ricain, les Strasbourgeois allaient pouvoir jauger l\u2019avanc\u00e9e de leur pr\u00e9saison face \u00e0 l\u2019ASA, r\u00e9cent barragiste pour l\u2019accesion au Betclic Elite.<\/p>\n<p>\u00a0<\/p>\n<p>RESUME DU MATCH :<\/p>\n<p>\u00a0<\/p>\n<p><strong>Q#1 : Le duo Keene-Joseph d\u00e9j\u00e0 en forme<\/strong><br \/>\nLa SIG Strasbourg d\u00e9butait parfaitement son match en poussant l\u2019ASA au bout des 24 secondes. De l\u2019autre c\u00f4t\u00e9, on pouvait retrouver l\u2019ADN alsacien avec un beau passing game. Joseph \u00e9clatait un \u00e9norme dunk pour ouvrir le compteur strasbourgeois. Markus Keene rappelait \u00e0 tout le monde son talent de scoreur en plantant 6 points cons\u00e9cutifs (0-8, 4\u2019). Devant son public, l\u2019ASA r\u00e9agissait illico par un 7-2 pour recoller au score. Marcus \u00e9tait d\u00e9j\u00e0 bien chaud dans ce premier match de pr\u00e9paration (8 points \u00e0 100% dans le quart-temps). Nelly \u00e9tait lui aussi bien pr\u00e9sent dans la peinture avec de nombreux rebonds et des paniers lors des mismatchs. Les Strasbourgeois faisaient un v\u00e9ritable chantier dans la peinture et Traor\u00e9 ne d\u00e9rogeait pas \u00e0 la r\u00e8gle. Un tir au buzzer de Leopold Ca permettait aux locaux d\u2019\u00e9galiser \u00e0 la fin du premier quart-temps. 20-20.<\/p>\n<p>\u00a0<\/p>\n<p><strong>Q#2 : Au coude-\u00e0-coude<\/strong><br \/>\nLe second quart-temps reprenait de la meilleure des mani\u00e8res pour la SIG Strasbourg avec un panier plein d\u2019agressivit\u00e9 du n\u00e9o-m\u00e9daill\u00e9 d\u2019argent \u00e0 l\u2019Euro u18, Jahel Tr\u00e8fle. Les SIGmen dominaient au rebond offensif, notamment gr\u00e2ce \u00e0 un gros travail de Fousseyni Traor\u00e9. Le manque d\u2019automatisme commen\u00e7ait \u00e0 se faire sentir des deux c\u00f4t\u00e9s avec de nombreuses pertes de balles. Les d\u00e9fenses prenaient clairement le pas sur le jeu offensif et l\u2019ASA ne se laissait pas d\u00e9crocher (25-26, 15\u2019). Malgr\u00e9 les bonnes rotations d\u00e9fensives de la SIG Strasbourg, Romain Hoeltzel sanctionnait de loin et permettait aux siens de passer devant, dans la belle ambiance de la Forest Arena. Marcus Keene venait jouer les pompiers de service pour \u00e9teindre le d\u00e9but d\u2019incendie avec un \u00e9norme tir en sortie de dribble. L&rsquo;Alliance Sport Alsace ne trouvait pas la solution en d\u00e9fense face au pick and roll et le superbe axe 1-5 de Strasbourg, mais faisait tout de m\u00eame la course en t\u00eate \u00e0 la mi-temps. 39-37.<\/p>\n<p>\u00a0<\/p>\n<p><strong>Q#3 : Manque d\u2019adresse<\/strong><br \/>\nLors du retour des vestiaires, Joseph d\u00e9montrait toute sa classe avec un panier plein d\u2019\u00e9l\u00e9gance en se prot\u00e9geant avec le cercle. Les locaux r\u00e9agissaient tout de suite avec un 5-0 qui poussait coach Maffezzoli \u00e0 prendre un temps-mort. Le coaching staff n\u2019h\u00e9sitait pas \u00e0 responsabiliser les jeunes comme Oscar Wembanyama. L\u2019attaque des Strasbourgeois patinait un peu et Adama Bal devait sortir un floater de tr\u00e8s grande classe pour alimenter la marque. Le manque d\u2019adresse ext\u00e9rieure p\u00e9nalisait grandement les visiteurs. Ben Gregg et Nelly Junior Joseph devaient scorer dans une raquette surcharg\u00e9e (54-54, 28\u2019). Jahel Tr\u00e8fle faisait \u00e9talage de toutes ses qualit\u00e9s en attaque avec un magnifique tir mi-distance. Les locaux \u00e9taient tr\u00e8s solides et parvenaient \u00e0 garder la t\u00eate \u00e0 l\u2019issue du troisi\u00e8me quart-temps. 59-58.<\/p>\n<p>\u00a0<\/p>\n<p><strong>Q#4 : Marcus \u201cclutch\u201d Keene<\/strong><br \/>\nLes deux \u00e9quipes se r\u00e9pondaient du tac au tac lors de ce dernier acte avec un gros dunk de Malwaya et un and-one de Traor\u00e9. Le pivot malien continuait d\u2019imposer son physique et maltraitait la raquette adverse. Killian Malwaya prenait les choses en main avec des drives bien sentis. Les Strasbourgeois retombaient dans une mauvaise phase en attaque. La maladresse et le manque d\u2019alternance rendaient le jeu de la SIG Strasbourg pr\u00e9visible. Les locaux en profitaient pour garder les commandes du match (66-65, 35\u2019). Les locaux \u00e9taient plus agressifs et for\u00e7aient les Strasbourgeois \u00e0 jouer contre-nature. Coach Maffezzoli tentait le pari de finir en small ball. Un choix payant, puisque Gregg r\u00e9glait enfin la mire de loin pour ramener les siens \u00e0 deux possessions (73-68, 38\u2019). Marcus Keene d\u00e9cidait de prendre les choses \u00e0 son compte lors du money-time en scorant 11 points cons\u00e9cutifs pour r\u00e9gler le match. Score finale 80-83.<\/p>\n<p>\u00a0<\/p>\n<p>LE MATCH EN VITESSE :<br \/>\nAlliance Sport Alsace &#8211; SIG Strasbourg : 80-83<br \/>\nForest Arena : 1 500 spectateurs<br \/>\nLes p\u00e9riodes : 20-20, 19-17 (mi-temps : 39-37), 20-21, 21-25 (Fin du match 80-83)<\/p>\n","protected":false},"excerpt":{"rendered":"Les SIGMEN faisaient leur grand retour avec le premier de match de pr\u00e9paration \u00e0 la saison 2025\/2026. Finalement,&hellip;\n","protected":false},"author":2,"featured_media":341293,"comment_status":"","ping_status":"","sticky":false,"template":"","format":"standard","meta":{"footnotes":""},"categories":[2820],"tags":[1111,11,3146,1777,674,1011,27,775,3145,12,25,3144,640],"class_list":{"0":"post-341292","1":"post","2":"type-post","3":"status-publish","4":"format-standard","5":"has-post-thumbnail","7":"category-strasbourg","8":"tag-actu","9":"tag-actualites","10":"tag-betclic-elite","11":"tag-eu","12":"tag-europe","13":"tag-fr","14":"tag-france","15":"tag-grand-est","16":"tag-lnb","17":"tag-news","18":"tag-republique-francaise","19":"tag-sig","20":"tag-strasbourg"},"share_on_mastodon":{"url":"https:\/\/pubeurope.com\/@fr\/115085480074424697","error":""},"_links":{"self":[{"href":"https:\/\/www.europesays.com\/fr\/wp-json\/wp\/v2\/posts\/341292","targetHints":{"allow":["GET"]}}],"collection":[{"href":"https:\/\/www.europesays.com\/fr\/wp-json\/wp\/v2\/posts"}],"about":[{"href":"https:\/\/www.europesays.com\/fr\/wp-json\/wp\/v2\/types\/post"}],"author":[{"embeddable":true,"href":"https:\/\/www.europesays.com\/fr\/wp-json\/wp\/v2\/users\/2"}],"replies":[{"embeddable":true,"href":"https:\/\/www.europesays.com\/fr\/wp-json\/wp\/v2\/comments?post=341292"}],"version-history":[{"count":0,"href":"https:\/\/www.europesays.com\/fr\/wp-json\/wp\/v2\/posts\/341292\/revisions"}],"wp:featuredmedia":[{"embeddable":true,"href":"https:\/\/www.europesays.com\/fr\/wp-json\/wp\/v2\/media\/341293"}],"wp:attachment":[{"href":"https:\/\/www.europesays.com\/fr\/wp-json\/wp\/v2\/media?parent=341292"}],"wp:term":[{"taxonomy":"category","embeddable":true,"href":"https:\/\/www.europesays.com\/fr\/wp-json\/wp\/v2\/categories?post=341292"},{"taxonomy":"post_tag","embeddable":true,"href":"https:\/\/www.europesays.com\/fr\/wp-json\/wp\/v2\/tags?post=341292"}],"curies":[{"name":"wp","href":"https:\/\/api.w.org\/{rel}","templated":true}]}}