{"id":341294,"date":"2025-08-24T19:50:10","date_gmt":"2025-08-24T19:50:10","guid":{"rendered":"https:\/\/www.europesays.com\/fr\/341294\/"},"modified":"2025-08-24T19:50:10","modified_gmt":"2025-08-24T19:50:10","slug":"fete-de-lindependance-de-lukraine-on-a-confiance-on-gagnera-clament-les-ukrainiens-de-la-cote-dazur","status":"publish","type":"post","link":"https:\/\/www.europesays.com\/fr\/341294\/","title":{"rendered":"F\u00eate de l\u2019ind\u00e9pendance de l\u2019Ukraine: \u00ab\u00a0On a confiance, on gagnera\u00a0\u00bb, clament les Ukrainiens de la C\u00f4te d\u2019Azur"},"content":{"rendered":"<p>\u00ab\u00a0Macron a dit que l\u2019on \u00e9tait des braves. Il a raison. On est des braves. On ne pliera pas, on ne l\u00e2chera pas. Et tous les jours on remercie la France de son aide et de son soutien. On va gagner gr\u00e2ce \u00e0 tout \u00e7a\u00a0\u00bb, sourit Luba. La jeune femme est enroul\u00e9e dans les couleurs de son pays. Le jaune et le bleu. Ce pays qu\u2019elle a quitt\u00e9 il y a deux ans, en laissant derri\u00e8re elle un mari et des fr\u00e8res. Pour Luba f\u00eater l\u2019ind\u00e9pendance de l\u2019Ukraine \u00e0 Nice, la ville qui l\u2019a accueillie, c\u2019\u00e9tait \u00ab\u00a0tr\u00e8s important\u00a0\u00bb.<\/p>\n<p>\u00ab\u00a0On veut pouvoir f\u00eater ce jour jusqu\u2019\u00e0 la fin des temps\u00a0\u00bb<\/p>\n<p>Avec ses \u00ab\u00a0copines\u00a0\u00bb, celles avec qui elle apprend le fran\u00e7ais, elle est venue place Garibaldi \u00e0 Nice avec l\u2019intention de c\u00e9l\u00e9brer ce jour dignement. Le 24 ao\u00fbt 1991, l\u2019Ukraine gagnait son ind\u00e9pendance pr\u00e9cipitant la fin de l\u2019URSS. \u00ab\u00a0On veut pouvoir f\u00eater encore ce jour jusqu\u2019\u00e0 la fin des temps\u00a0\u00bb, lance Luba.<\/p>\n<p>Derri\u00e8re elle, le jaune et le bleu sont partout. Sur des drapeaux, sur des c\u0153urs, sur des couronnes de fleurs port\u00e9es par les Ukrainiennes, sur les tenues traditionnelles. \u00ab\u00a0Mon c\u0153ur et mon \u00e2me sont en Ukraine, mais j\u2019aime la France\u00a0\u00bb, s\u2019enflamme H\u00e9l\u00e8ne. Elle aussi est arriv\u00e9e ici, il y a deux ans. Elle s\u2019est \u00e9tablie \u00e0 Cagnes-sur-Mer \u00ab\u00a0avec mon fils cadet, il a 18 ans\u00a0\u00bb, dit-elle avec un large sourire. Elle a autre fils de 35 ans. Et toute sa famille au pays.<\/p>\n<p>Kharkiv sous les bombes russes<\/p>\n<p>\u00ab\u00a0Mon mari est rest\u00e9 \u00e0 Kharkiv avec les deux chats et il s\u2019occupe de mes parents. Mon papa a 90 ans et ma maman, 85 ans\u00a0\u00bb, raconte l\u2019Ukrainienne en exil. \u00ab\u00a0La nuit derni\u00e8re il n\u2019a pas pu dormir, Poutine a attaqu\u00e9 le centre-ville, il n\u2019arr\u00eate pas\u00a0\u00bb, se d\u00e9sole H\u00e9l\u00e8ne. Elle aussi est reconnaissante, elle aussi apprend le fran\u00e7ais: \u00ab\u00a0J\u2019aime tellement votre langue\u00a0\u00bb, lance-t-elle, heureuse des progr\u00e8s accomplis. Sur la C\u00f4te d\u2019Azur, elle s\u2019est fait des amies: \u00ab\u00a0Avant ce n\u2019\u00e9taient que des voisins maintenant ce sont de vraies proches\u00a0\u00bb.<\/p>\n<p>\u00ab\u00a0J\u2019ai l\u2019espoir, mais je n\u2019y crois pas\u00a0\u00bb<\/p>\n<p>Olga agite son drapeau place Garibaldi. Elle est en France depuis 20 ans. Depuis la guerre, sa m\u00e8re et sa cousine avec les enfants l\u2019ont rejointe. \u00ab\u00a0Les hommes sont rest\u00e9s en Ukraine\u00a0\u00bb, ajoute la jeune femme. Ils habitent Soumy, dans le nord-est du pays. Olga garde espoir de rentrer chez elle. \u00ab\u00a0J\u2019ai espoir, mais je n\u2019y crois pas pour le moment tant que Poutine est en vie car il ne l\u00e2che jamais\u00a0\u00bb, grince-t-elle. \u00ab\u00a0La f\u00eate nationale c\u2019est tr\u00e8s important pour nous, c\u2019est soutenir notre peuple, notre arm\u00e9e, notre pr\u00e9sident, nos hommes qui se battent pour notre avenir\u00a0\u00bb, l\u00e2che-t-elle, d\u00e9termin\u00e9e. Olga pr\u00e9cise: \u00ab\u00a0Ce n\u2019est pas parce que l\u2019on est \u00e0 l\u2019\u00e9tranger qu\u2019on oublie nos racines\u00a0\u00bb.<\/p>\n<p>Le cort\u00e8ge est pr\u00eat \u00e0 d\u00e9marrer pour se rendre au jardin Albert-1er afin de c\u00e9l\u00e9brer la f\u00eate nationale. Un \u00e9v\u00e9nement organis\u00e9 par l\u2019association franco-ukrainienne Afuca. Au kiosque \u00e0 musique, l\u2019association a pr\u00e9vu des performances d\u2019artistes ukrainiens, de la nourriture locale, un d\u00e9fil\u00e9 de la collection de broderies ukrainiennes et un march\u00e9 aux couleurs jaune et bleu.<\/p>\n<p>Rire et sourire, sans oublier les bombes qui tombent et tuent. \u00ab\u00a0La vie continue, pour tenir il faut vivre aussi, on doit \u00eatre heureux pour ceux qui sont rest\u00e9s et qui se sacrifient. On pense aussi \u00e0 notre pr\u00e9sident et \u00e0 son courage. Notre destin est entre ses mains. Et entre les mains de Macron et de l\u2019Europe. On a confiance, on gagnera\u00a0\u00bb, jure Vera.<\/p>\n","protected":false},"excerpt":{"rendered":"\u00ab\u00a0Macron a dit que l\u2019on \u00e9tait des braves. Il a raison. On est des braves. On ne pliera&hellip;\n","protected":false},"author":2,"featured_media":341295,"comment_status":"","ping_status":"","sticky":false,"template":"","format":"standard","meta":{"footnotes":""},"categories":[2819],"tags":[1111,11,10411,1777,674,1011,27,12,2401,882,25,3366],"class_list":{"0":"post-341294","1":"post","2":"type-post","3":"status-publish","4":"format-standard","5":"has-post-thumbnail","7":"category-nice","8":"tag-actu","9":"tag-actualites","10":"tag-conflits","11":"tag-eu","12":"tag-europe","13":"tag-fr","14":"tag-france","15":"tag-news","16":"tag-nice","17":"tag-provence-alpes-cote-dazur","18":"tag-republique-francaise","19":"tag-vie-locale"},"share_on_mastodon":{"url":"https:\/\/pubeurope.com\/@fr\/115085483959512723","error":""},"_links":{"self":[{"href":"https:\/\/www.europesays.com\/fr\/wp-json\/wp\/v2\/posts\/341294","targetHints":{"allow":["GET"]}}],"collection":[{"href":"https:\/\/www.europesays.com\/fr\/wp-json\/wp\/v2\/posts"}],"about":[{"href":"https:\/\/www.europesays.com\/fr\/wp-json\/wp\/v2\/types\/post"}],"author":[{"embeddable":true,"href":"https:\/\/www.europesays.com\/fr\/wp-json\/wp\/v2\/users\/2"}],"replies":[{"embeddable":true,"href":"https:\/\/www.europesays.com\/fr\/wp-json\/wp\/v2\/comments?post=341294"}],"version-history":[{"count":0,"href":"https:\/\/www.europesays.com\/fr\/wp-json\/wp\/v2\/posts\/341294\/revisions"}],"wp:featuredmedia":[{"embeddable":true,"href":"https:\/\/www.europesays.com\/fr\/wp-json\/wp\/v2\/media\/341295"}],"wp:attachment":[{"href":"https:\/\/www.europesays.com\/fr\/wp-json\/wp\/v2\/media?parent=341294"}],"wp:term":[{"taxonomy":"category","embeddable":true,"href":"https:\/\/www.europesays.com\/fr\/wp-json\/wp\/v2\/categories?post=341294"},{"taxonomy":"post_tag","embeddable":true,"href":"https:\/\/www.europesays.com\/fr\/wp-json\/wp\/v2\/tags?post=341294"}],"curies":[{"name":"wp","href":"https:\/\/api.w.org\/{rel}","templated":true}]}}