{"id":341296,"date":"2025-08-24T19:51:55","date_gmt":"2025-08-24T19:51:55","guid":{"rendered":"https:\/\/www.europesays.com\/fr\/341296\/"},"modified":"2025-08-24T19:51:55","modified_gmt":"2025-08-24T19:51:55","slug":"logc-nice-lance-enfin-sa-saison-et-simpose-a-domicile-face-a-auxerre-3-1","status":"publish","type":"post","link":"https:\/\/www.europesays.com\/fr\/341296\/","title":{"rendered":"L&rsquo;OGC Nice lance enfin sa saison et s&rsquo;impose \u00e0 domicile face \u00e0 Auxerre (3-1)"},"content":{"rendered":"<p>J\u00e9r\u00e9mie Boga a ouvert la voie d\u00e8s la 3e minute sur un centre de Tom Louchet. Malgr\u00e9 l\u2019\u00e9galisation de Sinayoko (21\u2019), le Gym a repris l\u2019avantage trois minutes plus tard gr\u00e2ce \u00e0 un contre malheureux d\u2019Akpa, sous la pression du nouvel avant-centre ni\u00e7ois K\u00e9vin Carlos.<\/p>\n<p>R\u00e9duits \u00e0 dix apr\u00e8s l\u2019expulsion de leur gardien L\u00e9on (45+1\u2019), les Auxerrois ont subi en seconde mi-temps. Terem Moffi, entr\u00e9 en jeu, a scell\u00e9 la victoire de la t\u00eate (76\u2019), encore sur une passe de Louchet.<\/p>\n<p>Solide d\u00e9fensivement, le Gym a aussi pu compter sur un Yehvann Diouf imp\u00e9rial dans ses cages. Auteur de sept arr\u00eats d\u00e9cisifs, il tient son match r\u00e9f\u00e9rence depuis son arriv\u00e9e au club. Entre efficacit\u00e9 offensive et s\u00e9curit\u00e9 derri\u00e8re, c\u2019est peut-\u00eatre le vrai d\u00e9part de la saison pour les Aiglons.<\/p>\n","protected":false},"excerpt":{"rendered":"J\u00e9r\u00e9mie Boga a ouvert la voie d\u00e8s la 3e minute sur un centre de Tom Louchet. Malgr\u00e9 l\u2019\u00e9galisation&hellip;\n","protected":false},"author":2,"featured_media":341297,"comment_status":"","ping_status":"","sticky":false,"template":"","format":"standard","meta":{"footnotes":""},"categories":[2819],"tags":[1111,11,1777,674,63,1011,27,12,2401,882,25,60],"class_list":{"0":"post-341296","1":"post","2":"type-post","3":"status-publish","4":"format-standard","5":"has-post-thumbnail","7":"category-nice","8":"tag-actu","9":"tag-actualites","10":"tag-eu","11":"tag-europe","12":"tag-football","13":"tag-fr","14":"tag-france","15":"tag-news","16":"tag-nice","17":"tag-provence-alpes-cote-dazur","18":"tag-republique-francaise","19":"tag-sports"},"share_on_mastodon":{"url":"https:\/\/pubeurope.com\/@fr\/115085491768096804","error":""},"_links":{"self":[{"href":"https:\/\/www.europesays.com\/fr\/wp-json\/wp\/v2\/posts\/341296","targetHints":{"allow":["GET"]}}],"collection":[{"href":"https:\/\/www.europesays.com\/fr\/wp-json\/wp\/v2\/posts"}],"about":[{"href":"https:\/\/www.europesays.com\/fr\/wp-json\/wp\/v2\/types\/post"}],"author":[{"embeddable":true,"href":"https:\/\/www.europesays.com\/fr\/wp-json\/wp\/v2\/users\/2"}],"replies":[{"embeddable":true,"href":"https:\/\/www.europesays.com\/fr\/wp-json\/wp\/v2\/comments?post=341296"}],"version-history":[{"count":0,"href":"https:\/\/www.europesays.com\/fr\/wp-json\/wp\/v2\/posts\/341296\/revisions"}],"wp:featuredmedia":[{"embeddable":true,"href":"https:\/\/www.europesays.com\/fr\/wp-json\/wp\/v2\/media\/341297"}],"wp:attachment":[{"href":"https:\/\/www.europesays.com\/fr\/wp-json\/wp\/v2\/media?parent=341296"}],"wp:term":[{"taxonomy":"category","embeddable":true,"href":"https:\/\/www.europesays.com\/fr\/wp-json\/wp\/v2\/categories?post=341296"},{"taxonomy":"post_tag","embeddable":true,"href":"https:\/\/www.europesays.com\/fr\/wp-json\/wp\/v2\/tags?post=341296"}],"curies":[{"name":"wp","href":"https:\/\/api.w.org\/{rel}","templated":true}]}}