{"id":341298,"date":"2025-08-24T19:53:53","date_gmt":"2025-08-24T19:53:53","guid":{"rendered":"https:\/\/www.europesays.com\/fr\/341298\/"},"modified":"2025-08-24T19:53:53","modified_gmt":"2025-08-24T19:53:53","slug":"pres-de-talensac-du-logement-haut-standing-a-la-place-de-lancien-gymnase-sport","status":"publish","type":"post","link":"https:\/\/www.europesays.com\/fr\/341298\/","title":{"rendered":"Pr\u00e8s de Talensac, du logement haut standing \u00e0 la place de l\u2019ancien gymnase . Sport"},"content":{"rendered":"<tr wp_automatic_readability=\"6.85\">\n<td valign=\"middle\" align=\"center\" class=\"col-logo\" wp_automatic_readability=\"5\">\n    <img decoding=\"async\" src=\"https:\/\/maville.com\/design\/images\/logo-of-monetise.svg?version=20130627\" alt=\"logo Ouest-France\" height=\"66\"\/><\/p>\n<p>Contenu r\u00e9serv\u00e9 aux abonn\u00e9s<\/p>\n<\/td>\n<td class=\"col-titre\">\n\t\t\tSamedi 23 ao\u00fbt 2025 09:00<br \/>\n\t\t\t<a class=\"icon-bulle sizeL count\" href=\"#ancreAvis\"><br \/>\n\t&#8230;<br \/>\n<\/a><\/td>\n<\/tr>\n<p>\t\t<a class=\"mavillebox2 elmt-photo\" href=\"https:\/\/maville.com\/photosmvi\/2025\/08\/23\/P35419901D6944383G.jpg\" title=\" Pr\u00e8s de Talensac, le b\u00e2timent de la rue Moquechien a fini d\u2019\u00eatre d\u00e9moli cet \u00e9t\u00e9.  \u00a9  Ouest-France  &lt;!--TAG-BLC credit--&gt;\" rel=\"galerie_actu nofollow noopener\" target=\"_blank\"><br \/>\n\t<img decoding=\"async\" src=\"https:\/\/www.europesays.com\/fr\/wp-content\/uploads\/2025\/08\/P35419901D6944383G_crop_640-330_.jpg\" alt=\"photo  pr\u00e8s de talensac, le b\u00e2timent de la rue moquechien a fini d\u2019\u00eatre d\u00e9moli cet \u00e9t\u00e9.  \u00a9  ouest-france \"\/><br \/>\n\t2<br \/>\n<\/a><\/p>\n<p class=\"elmt-legende\"> Pr\u00e8s de Talensac, le b\u00e2timent de la rue Moquechien a fini d\u2019\u00eatre d\u00e9moli cet \u00e9t\u00e9.  \u00a9  Ouest-France  <\/p>\n<p><a class=\"mavillebox2\" href=\"https:\/\/maville.com\/photosmvi\/2025\/08\/23\/P35419902D6944383G.jpg\" title=\"pour la premi\u00e8re fois depuis tr\u00e8s longtemps, on peut apercevoir, depuis l\u2019all\u00e9e des tanneurs, l\u2019arri\u00e8re des immeubles de la rue jeanne-d\u2019arc. \u00a9  ouest-france \" rel=\"galerie_actu nofollow noopener\" target=\"_blank\"><\/p>\n<p>\t\tUn programme d\u2019habitation va \u00eatre construit \u00e0 cet emplacement tr\u00e8s recherch\u00e9 du centre-ville de Nantes, situ\u00e9 rue Moquechien, tout proche du march\u00e9 de Talensac.<\/p>\n<p><b>Cet article est r\u00e9serv\u00e9 aux abonn\u00e9s<\/b><\/p>\n<p>Pour un acc\u00e8s imm\u00e9diat, abonnez-vous<\/p>\n<p><b>1\u00e8re semaine offerte<\/b><\/p>\n<p>\t\t Christian MEAS. \u00a0\u00a0<br \/>\n\t\tOuest-France<\/p>\n<p>Retrouvez d&rsquo;autres actus sur la commune de :<\/p>\n<p>\t\t&#13;<\/p>\n","protected":false},"excerpt":{"rendered":"Contenu r\u00e9serv\u00e9 aux abonn\u00e9s Samedi 23 ao\u00fbt 2025 09:00 &#8230; 2 Pr\u00e8s de Talensac, le b\u00e2timent de la&hellip;\n","protected":false},"author":2,"featured_media":341299,"comment_status":"","ping_status":"","sticky":false,"template":"","format":"standard","meta":{"footnotes":""},"categories":[2818],"tags":[1111,11,3809,1465,1777,674,63,1011,27,1792,1922,766,12,2636,25,479,517,1470],"class_list":{"0":"post-341298","1":"post","2":"type-post","3":"status-publish","4":"format-standard","5":"has-post-thumbnail","7":"category-nantes","8":"tag-actu","9":"tag-actualites","10":"tag-ball","11":"tag-basket","12":"tag-eu","13":"tag-europe","14":"tag-football","15":"tag-fr","16":"tag-france","17":"tag-handball","18":"tag-info","19":"tag-nantes","20":"tag-news","21":"tag-pays-de-la-loire","22":"tag-republique-francaise","23":"tag-rugby","24":"tag-sport","25":"tag-volley"},"share_on_mastodon":{"url":"https:\/\/pubeurope.com\/@fr\/115085500407057759","error":""},"_links":{"self":[{"href":"https:\/\/www.europesays.com\/fr\/wp-json\/wp\/v2\/posts\/341298","targetHints":{"allow":["GET"]}}],"collection":[{"href":"https:\/\/www.europesays.com\/fr\/wp-json\/wp\/v2\/posts"}],"about":[{"href":"https:\/\/www.europesays.com\/fr\/wp-json\/wp\/v2\/types\/post"}],"author":[{"embeddable":true,"href":"https:\/\/www.europesays.com\/fr\/wp-json\/wp\/v2\/users\/2"}],"replies":[{"embeddable":true,"href":"https:\/\/www.europesays.com\/fr\/wp-json\/wp\/v2\/comments?post=341298"}],"version-history":[{"count":0,"href":"https:\/\/www.europesays.com\/fr\/wp-json\/wp\/v2\/posts\/341298\/revisions"}],"wp:featuredmedia":[{"embeddable":true,"href":"https:\/\/www.europesays.com\/fr\/wp-json\/wp\/v2\/media\/341299"}],"wp:attachment":[{"href":"https:\/\/www.europesays.com\/fr\/wp-json\/wp\/v2\/media?parent=341298"}],"wp:term":[{"taxonomy":"category","embeddable":true,"href":"https:\/\/www.europesays.com\/fr\/wp-json\/wp\/v2\/categories?post=341298"},{"taxonomy":"post_tag","embeddable":true,"href":"https:\/\/www.europesays.com\/fr\/wp-json\/wp\/v2\/tags?post=341298"}],"curies":[{"name":"wp","href":"https:\/\/api.w.org\/{rel}","templated":true}]}}