{"id":341300,"date":"2025-08-24T19:55:09","date_gmt":"2025-08-24T19:55:09","guid":{"rendered":"https:\/\/www.europesays.com\/fr\/341300\/"},"modified":"2025-08-24T19:55:09","modified_gmt":"2025-08-24T19:55:09","slug":"fc-nantes-les-compositions-officielles","status":"publish","type":"post","link":"https:\/\/www.europesays.com\/fr\/341300\/","title":{"rendered":"FC Nantes : les compositions officielles"},"content":{"rendered":"<p><a href=\"https:\/\/www.footmercato.net\/live\/6344641014424547293-strasbourg-vs-nantes\" rel=\"nofollow noopener\" target=\"_blank\">Ce dimanche, la deuxi\u00e8me journ\u00e9e de Ligue 1 offre une jolie affiche entre le FC Nantes et le Racing Club de Strasbourg.<\/a> A domicile, les Alsaciens misent sur un 4-3-3 avec Karl-Johan Johnsson dans les buts derri\u00e8re Isma\u00ebl Doukour\u00e9, Mamadou Sarr, Andrew Omobamidele et Abdoul Ouattara en d\u00e9fense. Junior Mwanga \u00e9volue en sentinelle avec Samir El Mourabet et F\u00e9lix Lemar\u00e9chal \u00e0 ses c\u00f4t\u00e9s. Devant, Kendry Paez et Sebastian Nanasi \u00e9paulent Joaqu\u00edn Panichelli en attaque. <\/p>\n<p>            La suite apr\u00e8s cette publicit\u00e9<\/p>\n<p>De leur c\u00f4t\u00e9, les Canaris s\u2019organisent dans un 4-3-3 avec Anthony Lopes qui officie comme dernier rempart. Devant lui, on retrouve Kelvin Amian, Chidozie Awaziem, Tylel Tati et Nicolas Cozza. Johann Lepenant, Francis Coquelin et Louis Leroux sont associ\u00e9s dans l\u2019entrejeu. En pointe, Mostafa Mohamed est soutenu par Yassine Benhattab et Herba Guirassy. <\/p>\n<p>        Les compositions<\/p>\n<p><strong>Strasbourg :<\/strong> Johnsson \u2013 Doukour\u00e9, Omobamidele, Sarr, Ouattara \u2013 Lemar\u00e9chal, Mwanga, El Mourabet \u2013 Paez, Panichelli, Nanasi<\/p>\n<p>            La suite apr\u00e8s cette publicit\u00e9<\/p>\n<p><strong>FC <a href=\"https:\/\/www.footmercato.net\/club\/fc-nantes\/\" rel=\"nofollow noopener\" target=\"_blank\">Nantes<\/a> :<\/strong> Lopes \u2013 Amian, Awaziem, Tati, Cozza \u2013 Lepenant, Coquelin, Leroux \u2013 Benhattab, Mohamed, Guirassy<\/p>\n<p><a href=\"https:\/\/dazn.prf.hn\/click\/camref:1100lRrtL\" class=\"textBlue\" rel=\"nofollow noopener\" target=\"_blank\">Suivez cette rencontre sur DAZN avec l\u2019offre Ligue 1+<\/a><\/p>\n<p>\n    Pub. le 24\/08\/2025 16:26<br \/>\n            &#8211; MAJ le 24\/08\/2025 17:28\n    <\/p>\n","protected":false},"excerpt":{"rendered":"Ce dimanche, la deuxi\u00e8me journ\u00e9e de Ligue 1 offre une jolie affiche entre le FC Nantes et le&hellip;\n","protected":false},"author":2,"featured_media":90783,"comment_status":"","ping_status":"","sticky":false,"template":"","format":"standard","meta":{"footnotes":""},"categories":[2818],"tags":[1111,11,1777,674,1011,27,766,12,2636,25],"class_list":{"0":"post-341300","1":"post","2":"type-post","3":"status-publish","4":"format-standard","5":"has-post-thumbnail","7":"category-nantes","8":"tag-actu","9":"tag-actualites","10":"tag-eu","11":"tag-europe","12":"tag-fr","13":"tag-france","14":"tag-nantes","15":"tag-news","16":"tag-pays-de-la-loire","17":"tag-republique-francaise"},"share_on_mastodon":{"url":"https:\/\/pubeurope.com\/@fr\/115085503569962731","error":""},"_links":{"self":[{"href":"https:\/\/www.europesays.com\/fr\/wp-json\/wp\/v2\/posts\/341300","targetHints":{"allow":["GET"]}}],"collection":[{"href":"https:\/\/www.europesays.com\/fr\/wp-json\/wp\/v2\/posts"}],"about":[{"href":"https:\/\/www.europesays.com\/fr\/wp-json\/wp\/v2\/types\/post"}],"author":[{"embeddable":true,"href":"https:\/\/www.europesays.com\/fr\/wp-json\/wp\/v2\/users\/2"}],"replies":[{"embeddable":true,"href":"https:\/\/www.europesays.com\/fr\/wp-json\/wp\/v2\/comments?post=341300"}],"version-history":[{"count":0,"href":"https:\/\/www.europesays.com\/fr\/wp-json\/wp\/v2\/posts\/341300\/revisions"}],"wp:featuredmedia":[{"embeddable":true,"href":"https:\/\/www.europesays.com\/fr\/wp-json\/wp\/v2\/media\/90783"}],"wp:attachment":[{"href":"https:\/\/www.europesays.com\/fr\/wp-json\/wp\/v2\/media?parent=341300"}],"wp:term":[{"taxonomy":"category","embeddable":true,"href":"https:\/\/www.europesays.com\/fr\/wp-json\/wp\/v2\/categories?post=341300"},{"taxonomy":"post_tag","embeddable":true,"href":"https:\/\/www.europesays.com\/fr\/wp-json\/wp\/v2\/tags?post=341300"}],"curies":[{"name":"wp","href":"https:\/\/api.w.org\/{rel}","templated":true}]}}