{"id":341305,"date":"2025-08-24T19:58:11","date_gmt":"2025-08-24T19:58:11","guid":{"rendered":"https:\/\/www.europesays.com\/fr\/341305\/"},"modified":"2025-08-24T19:58:11","modified_gmt":"2025-08-24T19:58:11","slug":"un-fragment-du-patrimoine-aeronautique-occitan-se-devoile","status":"publish","type":"post","link":"https:\/\/www.europesays.com\/fr\/341305\/","title":{"rendered":"un fragment du patrimoine a\u00e9ronautique occitan se d\u00e9voile"},"content":{"rendered":"<p>Sur les traces des crashs. L\u2019Occitanie, t\u00e9moin actif des balbutiements de l\u2019aviation, <strong>a vu d\u00e9filer de nombreux avions dans son ciel <\/strong>durant le 20\u00e8 si\u00e8cle. In\u00e9vitablement, la r\u00e9gion a aussi \u00e9t\u00e9 le th\u00e9\u00e2tre de nombreux crashs. \u00ab\u00a0Les sites o\u00f9 ces avions sont tomb\u00e9s et les restes mat\u00e9riels (\u00e9paves ou vestiges) constituent un patrimoine a\u00e9ronautique important devant \u00eatre document\u00e9, contextualis\u00e9, prot\u00e9g\u00e9 et mis \u00e0 disposition du plus grand nombre\u00a0\u00bb, indiquent les Archives d\u00e9partementales de <a href=\"https:\/\/lopinion.com\/articles\/actualite\/actualites-haute-garonne\" rel=\"noopener noreferrer nofollow\" target=\"_blank\">Haute-Garonne<\/a>.<\/p>\n<p>Des recherches d\u00e9voil\u00e9es au grand public<\/p>\n<p>Le travail de documentation de ce patrimoine mat\u00e9riel et immat\u00e9riel a justement \u00e9t\u00e9 r\u00e9alis\u00e9 dans le cadre du<strong> projet de recherche Pa\u00e9rO<\/strong>, rassemblant une \u00e9quipes d\u2019universitaires, archivistes, associatifs et partenaires territoriaux. Les r\u00e9sultats de leur labeur seront partag\u00e9s lors d\u2019une journ\u00e9e de restitution aux Archives d\u00e9partementales, jeudi 18 septembre 2025, de 9h30 \u00e0 16h.<\/p>\n<p>\u00ab\u00a0Y seront pr\u00e9sent\u00e9s et discut\u00e9s les aspects historiques, humains, g\u00e9ographiques, techniques, arch\u00e9ologiques et m\u00e9moriels autour de ces crashs, autour des avions eux-m\u00eames (constructeurs, sites de fabrication, fournisseurs d\u2019aluminium) et autour des personnes (pilotes, r\u00e9sistants)\u00a0\u00bb, \u00e9num\u00e8re l\u2019administration. Ainsi, <strong>ce volet de l\u2019histoire a\u00e9ronautique occitane sera retrac\u00e9<\/strong>, sur la p\u00e9riode s\u2019\u00e9talant des ann\u00e9es 1910 jusqu\u2019\u00e0 la fin de la Seconde Guerre mondiale. R\u00e9servation gratuite et obligatoire.<\/p>\n<p>&gt;&gt; \u00c0 LIRE AUSSI : <a href=\"https:\/\/lopinion.com\/articles\/actualite\/29671_toulouse-nouveau-fonds-archives-histoire-locale\" rel=\"noopener noreferrer nofollow\" target=\"_blank\">Toulouse : ce nouveau fonds re\u00e7u par les archives offre un nouvel aper\u00e7u de l\u2019Histoire locale<\/a><\/p>\n","protected":false},"excerpt":{"rendered":"Sur les traces des crashs. L\u2019Occitanie, t\u00e9moin actif des balbutiements de l\u2019aviation, a vu d\u00e9filer de nombreux avions&hellip;\n","protected":false},"author":2,"featured_media":341306,"comment_status":"","ping_status":"","sticky":false,"template":"","format":"standard","meta":{"footnotes":""},"categories":[2816],"tags":[1111,11,1777,674,1011,27,12,2680,25,2312],"class_list":{"0":"post-341305","1":"post","2":"type-post","3":"status-publish","4":"format-standard","5":"has-post-thumbnail","7":"category-toulouse","8":"tag-actu","9":"tag-actualites","10":"tag-eu","11":"tag-europe","12":"tag-fr","13":"tag-france","14":"tag-news","15":"tag-occitanie","16":"tag-republique-francaise","17":"tag-toulouse"},"share_on_mastodon":{"url":"https:\/\/pubeurope.com\/@fr\/115085515410106464","error":""},"_links":{"self":[{"href":"https:\/\/www.europesays.com\/fr\/wp-json\/wp\/v2\/posts\/341305","targetHints":{"allow":["GET"]}}],"collection":[{"href":"https:\/\/www.europesays.com\/fr\/wp-json\/wp\/v2\/posts"}],"about":[{"href":"https:\/\/www.europesays.com\/fr\/wp-json\/wp\/v2\/types\/post"}],"author":[{"embeddable":true,"href":"https:\/\/www.europesays.com\/fr\/wp-json\/wp\/v2\/users\/2"}],"replies":[{"embeddable":true,"href":"https:\/\/www.europesays.com\/fr\/wp-json\/wp\/v2\/comments?post=341305"}],"version-history":[{"count":0,"href":"https:\/\/www.europesays.com\/fr\/wp-json\/wp\/v2\/posts\/341305\/revisions"}],"wp:featuredmedia":[{"embeddable":true,"href":"https:\/\/www.europesays.com\/fr\/wp-json\/wp\/v2\/media\/341306"}],"wp:attachment":[{"href":"https:\/\/www.europesays.com\/fr\/wp-json\/wp\/v2\/media?parent=341305"}],"wp:term":[{"taxonomy":"category","embeddable":true,"href":"https:\/\/www.europesays.com\/fr\/wp-json\/wp\/v2\/categories?post=341305"},{"taxonomy":"post_tag","embeddable":true,"href":"https:\/\/www.europesays.com\/fr\/wp-json\/wp\/v2\/tags?post=341305"}],"curies":[{"name":"wp","href":"https:\/\/api.w.org\/{rel}","templated":true}]}}