{"id":341311,"date":"2025-08-24T20:02:09","date_gmt":"2025-08-24T20:02:09","guid":{"rendered":"https:\/\/www.europesays.com\/fr\/341311\/"},"modified":"2025-08-24T20:02:09","modified_gmt":"2025-08-24T20:02:09","slug":"gratuite-des-transports-a-la-rtm-pour-les-enfants-et-seniors-des-le-1er-septembre-ce-quil-faut-savoir","status":"publish","type":"post","link":"https:\/\/www.europesays.com\/fr\/341311\/","title":{"rendered":"Gratuit\u00e9 des transports \u00e0 la RTM pour les enfants et seniors d\u00e8s le 1er\u00a0septembre\u00a0: ce qu\u2019il faut savoir"},"content":{"rendered":"<p>Pour anticiper l\u2019afflux d\u2019usagers qui se pr\u00e9senteront devant les guichets d\u00e8s le 1er\u00a0septembre, <a href=\"https:\/\/www.laprovence.com\/article\/region\/76908106274365\/super-les-transports-dans-la-deuxieme-ville-de-france-l-ete-aussi-le-metro-ferme-la-nuit\" target=\"_blank\" rel=\"nofollow noopener\">la RTM<\/a> a organis\u00e9 en amont le passage des 120\u00a0000\u00a0personnes concern\u00e9es par la bascule vers la gratuit\u00e9. \u00ab\u00a0Plus de la moiti\u00e9 de ces usagers titulaires d\u2019un abonnement a d\u00e9j\u00e0 activ\u00e9 cette bascule sans le savoir, simplement en validant son titre de transport\u00a0\u00bb, souligne Gil Valabr\u00e8gues, directeur de l\u2019offre et de la promotion de l\u2019exp\u00e9rience client \u00e0 la RTM.<\/p>\n<p>Qui est concern\u00e9\u00a0?<\/p>\n<p><a href=\"https:\/\/www.laprovence.com\/article\/region\/3120361206861214\/metropole-aix-marseille-martine-vassal-annonce-la-gratuite-des-transports-pour-les-plus-de-65-ans-et-les-moins-de-10-ans\" target=\"_blank\" rel=\"nofollow noopener\">Annonc\u00e9e en janvier dernier lors de la pr\u00e9sentation des v\u0153ux<\/a> \u00e0 la population de la pr\u00e9sidente de la M\u00e9tropole Martine Vassal (DVD), la gratuit\u00e9 des transports pour les enfants et les seniors a \u00e9t\u00e9 <a href=\"https:\/\/www.laprovence.com\/article\/politique\/2689907096401114\/metropole-daix-marseille-la-gratuite-des-transports-pour-les-moins-de-dix-ans-et-les-plus-de-65-ans-fait-l-unanimite\" target=\"_blank\" rel=\"nofollow noopener\">vot\u00e9e en conseil m\u00e9tropolitain le 26\u00a0juin<\/a>. Elle concerne tous les enfants de moins de 11\u00a0ans et les personnes \u00e2g\u00e9es de 65\u00a0ans et plus, souhaitant circuler dans le r\u00e9seau m\u00e9tropolitain de transports.<\/p>\n<p>Que permet la gratuit\u00e9\u00a0?<\/p>\n<p>Elle donne la possibilit\u00e9 de circuler dans tous les r\u00e9seaux m\u00e9tropolitains\u00a0: bus, car, tram, m\u00e9tro de Marseille, Aix-en-Provence, Aubagne, La Ciotat, la C\u00f4te bleue, d\u2019Istres \u00e0 Martigues, Pertuis, Salon-de-Provence, Vitrolles, et leurs environs. Elle permet aussi de se garer dans un parking relais, d\u2019emprunter l&#8230;<\/p>\n","protected":false},"excerpt":{"rendered":"Pour anticiper l\u2019afflux d\u2019usagers qui se pr\u00e9senteront devant les guichets d\u00e8s le 1er\u00a0septembre, la RTM a organis\u00e9 en&hellip;\n","protected":false},"author":2,"featured_media":341312,"comment_status":"","ping_status":"","sticky":false,"template":"","format":"standard","meta":{"footnotes":""},"categories":[2814],"tags":[17,1111,11,154,1719,1777,674,1011,27,27499,151,884,12,471,882,16,25,10783,800],"class_list":{"0":"post-341311","1":"post","2":"type-post","3":"status-publish","4":"format-standard","5":"has-post-thumbnail","7":"category-marseille","8":"tag-17","9":"tag-actu","10":"tag-actualites","11":"tag-des","12":"tag-enfants","13":"tag-eu","14":"tag-europe","15":"tag-fr","16":"tag-france","17":"tag-gratuite","18":"tag-les","19":"tag-marseille","20":"tag-news","21":"tag-pour","22":"tag-provence-alpes-cote-dazur","23":"tag-region","24":"tag-republique-francaise","25":"tag-rtm","26":"tag-transports"},"share_on_mastodon":{"url":"https:\/\/pubeurope.com\/@fr\/115085531080768048","error":""},"_links":{"self":[{"href":"https:\/\/www.europesays.com\/fr\/wp-json\/wp\/v2\/posts\/341311","targetHints":{"allow":["GET"]}}],"collection":[{"href":"https:\/\/www.europesays.com\/fr\/wp-json\/wp\/v2\/posts"}],"about":[{"href":"https:\/\/www.europesays.com\/fr\/wp-json\/wp\/v2\/types\/post"}],"author":[{"embeddable":true,"href":"https:\/\/www.europesays.com\/fr\/wp-json\/wp\/v2\/users\/2"}],"replies":[{"embeddable":true,"href":"https:\/\/www.europesays.com\/fr\/wp-json\/wp\/v2\/comments?post=341311"}],"version-history":[{"count":0,"href":"https:\/\/www.europesays.com\/fr\/wp-json\/wp\/v2\/posts\/341311\/revisions"}],"wp:featuredmedia":[{"embeddable":true,"href":"https:\/\/www.europesays.com\/fr\/wp-json\/wp\/v2\/media\/341312"}],"wp:attachment":[{"href":"https:\/\/www.europesays.com\/fr\/wp-json\/wp\/v2\/media?parent=341311"}],"wp:term":[{"taxonomy":"category","embeddable":true,"href":"https:\/\/www.europesays.com\/fr\/wp-json\/wp\/v2\/categories?post=341311"},{"taxonomy":"post_tag","embeddable":true,"href":"https:\/\/www.europesays.com\/fr\/wp-json\/wp\/v2\/tags?post=341311"}],"curies":[{"name":"wp","href":"https:\/\/api.w.org\/{rel}","templated":true}]}}