{"id":341317,"date":"2025-08-24T20:05:11","date_gmt":"2025-08-24T20:05:11","guid":{"rendered":"https:\/\/www.europesays.com\/fr\/341317\/"},"modified":"2025-08-24T20:05:11","modified_gmt":"2025-08-24T20:05:11","slug":"un-crack-de-premier-league-a-donne-son-accord-pour-rejoindre-lyon-mais","status":"publish","type":"post","link":"https:\/\/www.europesays.com\/fr\/341317\/","title":{"rendered":"un crack de Premier League a donn\u00e9 son accord pour rejoindre Lyon, mais\u2026"},"content":{"rendered":"<p><strong>Pist\u00e9 d\u00e9j\u00e0 \u00e9voqu\u00e9e par le pass\u00e9, le milieu offensif\/ailier Facundo Buonanotte a donn\u00e9 son accord pour rejoindre l\u2019OL. Mais Brighton, son club, ne l\u2019entend pas de cette oreille.<\/strong><\/p>\n<p>La fin du mercato s\u2019annonce anim\u00e9e pour l\u2019Olympique Lyonnais, qui cherche toujours \u00e0 renforcer son secteur offensif, en ciblant tout particuli\u00e8rement le poste d\u2019ailier droit. Adam Karabec, pr\u00eat\u00e9 par le Sparta Prague, a d\u00e9j\u00e0 donn\u00e9 un aper\u00e7u de son talent en inscrivant <a href=\"http:\/\/butfootballclub.fr\/ligue-1\/ol\/lol-domine-metz-et-enchaine-avant-lolympico-les-notes-des-gones\/\" rel=\"noreferrer noopener\" target=\"_blank\">son premier but contre Metz<\/a>, mais il est destin\u00e9 \u00e0 jouer un r\u00f4le de doublure. Lyon cherche toujours un joueur capable de s\u2019imposer comme titulaire \u00e0 ce poste, de pr\u00e9f\u00e9rence un gaucher pouvant \u00e9voluer dans l\u2019axe droit du milieu de terrain selon les sch\u00e9mas de Paulo Fonseca.<\/p>\n<p>Nicolas Tagliafico comme interm\u00e9diaire ?<\/p>\n<p>Selon <a href=\"https:\/\/www.lequipe.fr\/Football\/Actualites\/Mercato-le-milieu-offensif-de-brighton-facundo-buonanotte-veut-venir-a-l-ol\/1587342\" rel=\"noreferrer noopener\" target=\"_blank\">L\u2019\u00c9quipe<\/a>, Facundo Buonanotte, jeune milieu offensif de Brighton, <a href=\"http:\/\/butfootballclub.fr\/ligue-1\/ol\/ol-mercato-le-successeur-dalmada-et-cherki-cible-a-brighton-dortmund-a-laffut\/\" rel=\"noreferrer noopener\" target=\"_blank\">serait la priorit\u00e9 des dirigeants lyonnais<\/a>. S\u00e9duit par le projet sportif et par l\u2019id\u00e9e d\u2019obtenir davantage de temps de jeu en Ligue Europa, le joueur de 20 ans aurait fait part de sa volont\u00e9 de rejoindre l\u2019OL, malgr\u00e9 l\u2019int\u00e9r\u00eat d\u2019autres clubs europ\u00e9ens comme Dortmund ou Nottingham Forest. Le principal obstacle reste Brighton, qui souhaite pour l\u2019instant ne pr\u00eater l\u2019international argentin qu\u2019au sein de la Premier League, afin de continuer sa progression apr\u00e8s un pr\u00eat \u00e0 Leicester la saison derni\u00e8re (6 buts et 3 passes d\u00e9 en 35 matchs).<\/p>\n<p>Un facteur favorable pour Lyon pourrait \u00eatre la pr\u00e9sence de Nicolas Tagliafico, compatriote et co-repr\u00e9sent\u00e9 par le m\u00eame agent que Buonanotte, ce qui pourrait faciliter son int\u00e9gration. Les discussions se poursuivent pour un pr\u00eat d\u2019un an sans option d\u2019achat, et les derniers jours du mercato seront cruciaux pour concr\u00e9tiser ce transfert.<\/p>\n","protected":false},"excerpt":{"rendered":"Pist\u00e9 d\u00e9j\u00e0 \u00e9voqu\u00e9e par le pass\u00e9, le milieu offensif\/ailier Facundo Buonanotte a donn\u00e9 son accord pour rejoindre l\u2019OL.&hellip;\n","protected":false},"author":2,"featured_media":341318,"comment_status":"","ping_status":"","sticky":false,"template":"","format":"standard","meta":{"footnotes":""},"categories":[1889],"tags":[1111,11,2430,448,1777,674,63,1011,27,66,2428,3388,12,25,10662],"class_list":{"0":"post-341317","1":"post","2":"type-post","3":"status-publish","4":"format-standard","5":"has-post-thumbnail","7":"category-lyon","8":"tag-actu","9":"tag-actualites","10":"tag-auvergne-rhone-alpes","11":"tag-champions-league","12":"tag-eu","13":"tag-europe","14":"tag-football","15":"tag-fr","16":"tag-france","17":"tag-ligue-1","18":"tag-lyon","19":"tag-matchs","20":"tag-news","21":"tag-republique-francaise","22":"tag-transferts"},"share_on_mastodon":{"url":"https:\/\/pubeurope.com\/@fr\/115085542930781164","error":""},"_links":{"self":[{"href":"https:\/\/www.europesays.com\/fr\/wp-json\/wp\/v2\/posts\/341317","targetHints":{"allow":["GET"]}}],"collection":[{"href":"https:\/\/www.europesays.com\/fr\/wp-json\/wp\/v2\/posts"}],"about":[{"href":"https:\/\/www.europesays.com\/fr\/wp-json\/wp\/v2\/types\/post"}],"author":[{"embeddable":true,"href":"https:\/\/www.europesays.com\/fr\/wp-json\/wp\/v2\/users\/2"}],"replies":[{"embeddable":true,"href":"https:\/\/www.europesays.com\/fr\/wp-json\/wp\/v2\/comments?post=341317"}],"version-history":[{"count":0,"href":"https:\/\/www.europesays.com\/fr\/wp-json\/wp\/v2\/posts\/341317\/revisions"}],"wp:featuredmedia":[{"embeddable":true,"href":"https:\/\/www.europesays.com\/fr\/wp-json\/wp\/v2\/media\/341318"}],"wp:attachment":[{"href":"https:\/\/www.europesays.com\/fr\/wp-json\/wp\/v2\/media?parent=341317"}],"wp:term":[{"taxonomy":"category","embeddable":true,"href":"https:\/\/www.europesays.com\/fr\/wp-json\/wp\/v2\/categories?post=341317"},{"taxonomy":"post_tag","embeddable":true,"href":"https:\/\/www.europesays.com\/fr\/wp-json\/wp\/v2\/tags?post=341317"}],"curies":[{"name":"wp","href":"https:\/\/api.w.org\/{rel}","templated":true}]}}