{"id":341321,"date":"2025-08-24T20:08:12","date_gmt":"2025-08-24T20:08:12","guid":{"rendered":"https:\/\/www.europesays.com\/fr\/341321\/"},"modified":"2025-08-24T20:08:12","modified_gmt":"2025-08-24T20:08:12","slug":"la-candidate-du-ps-frederique-bredin-demande-un-report-du-scrutin-a-francois-bayrou","status":"publish","type":"post","link":"https:\/\/www.europesays.com\/fr\/341321\/","title":{"rendered":"la candidate du PS, Fr\u00e9d\u00e9rique Bredin, demande un report du scrutin \u00e0 Fran\u00e7ois Bayrou"},"content":{"rendered":"\n<p class=\"c-chapo \">\n  La future adversaire de Rachida Dati et de Michel Barnier \u00e9voque des d\u00e9lais trop serr\u00e9s, un t\u00e9lescopage avec les Journ\u00e9es du patrimoine et le calendrier judiciaire de Rachida Dati.\n<\/p>\n<p>            lire plus tard<\/p>\n<p id=\"dialog__title\" class=\"dialog__title\">Pour sauvegarder cet article, connectez-vous ou cr\u00e9ez un compte franceinfo<\/p>\n<p class=\"dialog__description\">Sans paiement. Sans abonnement.<\/p>\n<p>        Fermer la fen\u00eatre d\u2019activation des notifications France Info<\/p>\n<p>            cr\u00e9er votre compte<\/p>\n<p>            se connecter<\/p>\n<p>        Fermer la fen\u00eatre de pr\u00e9sentation<\/p>\n<p>    <img loading=\"lazy\" decoding=\"async\" class=\"signature__image lazyload\" width=\"100\" height=\"100\" data- alt=\"\" src=\"https:\/\/www.europesays.com\/fr\/wp-content\/uploads\/2025\/05\/64a68815cd1a7_placeholder-36b69ec8.png\"\/><\/p>\n<p>    Publi\u00e9 le 24\/08\/2025 20:58<\/p>\n<p>        Temps de lecture : 2min<\/p>\n<p>    <img decoding=\"async\"  alt=\"Une personne vote lors des \u00e9lections l\u00e9gislatives \u00e0 Nanterre (Hauts-de-Seine), le 7 juillet 2024. (CLAIRE SERIE \/ HANS LUCAS \/ AFP)\" width=\"432\" height=\"243\" src=\"https:\/\/www.europesays.com\/fr\/wp-content\/uploads\/2025\/08\/080-hl-cserie-2452236-68ab609803e92691888555.jpg\" fetchpriority=\"high\"\/><\/p>\n<p>      Une personne vote lors des \u00e9lections l\u00e9gislatives \u00e0 Nanterre (Hauts-de-Seine), le 7 juillet 2024. (CLAIRE SERIE \/ HANS LUCAS \/ AFP)<\/p>\n<p>Elle veut gagner du temps. <a href=\"https:\/\/www.franceinfo.fr\/politique\/legislative-partielle-de-paris-l-ancienne-ministre-frederique-bredin-candidate-du-ps-pour-s-opposer-a-rachida-dati-et-michel-barnier_7421566.html\" rel=\"nofollow noopener\" target=\"_blank\">Fr\u00e9d\u00e9rique Bredin<\/a>, candidate du PS \u00e0 l&rsquo;\u00e9lection l\u00e9gislative partielle de Paris, demande \u00e0 Fran\u00e7ois Bayrou un report de deux semaines du scrutin, <a href=\"https:\/\/www.franceinfo.fr\/politique\/legislative-partielle-a-paris-les-electeurs-convoques-les-21-et-28-septembre-avant-le-proces-de-rachida-dati-pour-corruption-et-trafic-d-influence_7421035.html\" rel=\"nofollow noopener\" target=\"_blank\">pr\u00e9vu les 21 et 28 septembre<\/a>. \u00ab\u00a0J&rsquo;en appelle \u00e0 vous pour vous demander de bien vouloir modifier le d\u00e9cret initial par lequel vous avez arr\u00eat\u00e9 les dates de l&rsquo;\u00e9lection l\u00e9gislative partielle de la 2e circonscription de Paris\u00a0\u00bb, a-t-elle \u00e9crit dans un courrier au Premier ministre, dat\u00e9 du 18 ao\u00fbt.<\/p>\n<p>S&rsquo;\u00e9tonnant d&rsquo;un d\u00e9lai retenu \u00ab\u00a0aussi court\u00a0\u00bb, la socialiste rappelle que la l\u00e9gislative partielle dans la 5e circonscription des Fran\u00e7ais de l&rsquo;\u00e9tranger est pr\u00e9vue les 28 septembre et 12 octobre, tandis que le scrutin organis\u00e9 dans la premi\u00e8re circonscription du Tarn-et-Garonne aura lieu les 5 et 12 octobre.\u00a0\u00ab\u00a0Les habitants et les candidats de la 2e circonscription parisienne disposent, de ce fait, de deux semaines de campagne de moins (&#8230;), ce qui signifie moins de temps d&rsquo;information, de rencontres et de d\u00e9bats\u00a0\u00bb, d\u00e9plore-t-elle.<\/p>\n<p>Pour cette \u00e9lection, Fr\u00e9d\u00e9rique Bredin, 68 ans, sera notamment oppos\u00e9e \u00e0 l&rsquo;\u00e9ph\u00e9m\u00e8re Premier ministre Michel Barnier, investi par LR, et \u00e0 la candidature dissidente de Rachida Dati. Elle pointe d&rsquo;ailleurs le calendrier des Journ\u00e9es europ\u00e9ennes du patrimoine, qui se d\u00e9rouleront le week-end du premier tour.\u00a0En tant que ministre de la Culture, Rachida Dati sera \u00ab\u00a0amen\u00e9e \u00e0 s&rsquo;engager publiquement\u00a0\u00bb dans les m\u00e9dias, alors que les autres candidats auront \u00ab\u00a0obligation\u00a0de ne plus s&rsquo;exprimer\u00a0\u00bb du fait de la fin de la campagne officielle, redoute la candidate du PS.<\/p>\n<p>L&rsquo;ex-ministre de Fran\u00e7ois Mitterrand rappelle enfin que la date du proc\u00e8s de Rachida Dati, renvoy\u00e9e pour corruption et trafic d&rsquo;influence, devrait \u00eatre connue le 29 septembre, soit le lendemain du second tour.\u00a0Elle dit ainsi \u00e0 Fran\u00e7ois Bayrou vouloir \u00ab\u00a0s&rsquo;assurer\u00a0\u00bb que le choix des dates du scrutin est \u00ab\u00a0sans lien avec les \u00e9ch\u00e9ances judiciaires\u00a0\u00bb de sa rivale.<\/p>\n","protected":false},"excerpt":{"rendered":"La future adversaire de Rachida Dati et de Michel Barnier \u00e9voque des d\u00e9lais trop serr\u00e9s, un t\u00e9lescopage avec&hellip;\n","protected":false},"author":2,"featured_media":341322,"comment_status":"","ping_status":"","sticky":false,"template":"","format":"standard","meta":{"footnotes":""},"categories":[1888],"tags":[1111,1928,11,1927,1777,674,1011,27,12,1926,626,1925,25],"class_list":{"0":"post-341321","1":"post","2":"type-post","3":"status-publish","4":"format-standard","5":"has-post-thumbnail","7":"category-paris","8":"tag-actu","9":"tag-actu-paris","10":"tag-actualites","11":"tag-actualites-paris","12":"tag-eu","13":"tag-europe","14":"tag-fr","15":"tag-france","16":"tag-news","17":"tag-news-paris","18":"tag-paris","19":"tag-paris-news","20":"tag-republique-francaise"},"share_on_mastodon":{"url":"https:\/\/pubeurope.com\/@fr\/115085554761225993","error":""},"_links":{"self":[{"href":"https:\/\/www.europesays.com\/fr\/wp-json\/wp\/v2\/posts\/341321","targetHints":{"allow":["GET"]}}],"collection":[{"href":"https:\/\/www.europesays.com\/fr\/wp-json\/wp\/v2\/posts"}],"about":[{"href":"https:\/\/www.europesays.com\/fr\/wp-json\/wp\/v2\/types\/post"}],"author":[{"embeddable":true,"href":"https:\/\/www.europesays.com\/fr\/wp-json\/wp\/v2\/users\/2"}],"replies":[{"embeddable":true,"href":"https:\/\/www.europesays.com\/fr\/wp-json\/wp\/v2\/comments?post=341321"}],"version-history":[{"count":0,"href":"https:\/\/www.europesays.com\/fr\/wp-json\/wp\/v2\/posts\/341321\/revisions"}],"wp:featuredmedia":[{"embeddable":true,"href":"https:\/\/www.europesays.com\/fr\/wp-json\/wp\/v2\/media\/341322"}],"wp:attachment":[{"href":"https:\/\/www.europesays.com\/fr\/wp-json\/wp\/v2\/media?parent=341321"}],"wp:term":[{"taxonomy":"category","embeddable":true,"href":"https:\/\/www.europesays.com\/fr\/wp-json\/wp\/v2\/categories?post=341321"},{"taxonomy":"post_tag","embeddable":true,"href":"https:\/\/www.europesays.com\/fr\/wp-json\/wp\/v2\/tags?post=341321"}],"curies":[{"name":"wp","href":"https:\/\/api.w.org\/{rel}","templated":true}]}}