{"id":341323,"date":"2025-08-24T20:09:09","date_gmt":"2025-08-24T20:09:09","guid":{"rendered":"https:\/\/www.europesays.com\/fr\/341323\/"},"modified":"2025-08-24T20:09:09","modified_gmt":"2025-08-24T20:09:09","slug":"une-journaliste-de-cnews-raconte-son-agression-dans-le-tramway-a-paris","status":"publish","type":"post","link":"https:\/\/www.europesays.com\/fr\/341323\/","title":{"rendered":"une journaliste de CNews raconte son agression dans le tramway \u00e0 Paris"},"content":{"rendered":"<p>Son compagnon se serait interpos\u00e9 entre elle et un individu qui la fixait dans le tramway parisien. Au moment o\u00f9 ils sortent du v\u00e9hicule, porte de Vanves, les deux hommes en viennent aux mains et le compagnon d\u2019Isabelle Pibouleau est frapp\u00e9 de sept coups de couteau, au bras et au thorax, indique la journaliste. Il a \u00e9t\u00e9 \u00e9vacu\u00e9 en urgence absolue \u00e0 l\u2019h\u00f4pital Georges-Pompidou, mais son pronostic vital n\u2019est pas engag\u00e9.<\/p>\n<p>\u00ab\u00a0Je n\u2019ai pas les mots\u00a0\u00bb<\/p>\n<p>\u00ab\u00a0Je n\u2019ai pas les mots pour exprimer ma rage, ma douleur, ma peur, face \u00e0 ce monde o\u00f9 le sang vers\u00e9 est devenu une banalit\u00e9. Merci \u00e0 mon ch\u00e9ri d\u2019avoir sauv\u00e9 ma vie au p\u00e9ril de la sienne, aux passants, aux secours, aux policiers\u00a0\u00bb, a-t-elle \u00e9crit sur son compte Instagram.<\/p>\n","protected":false},"excerpt":{"rendered":"Son compagnon se serait interpos\u00e9 entre elle et un individu qui la fixait dans le tramway parisien. Au&hellip;\n","protected":false},"author":2,"featured_media":341324,"comment_status":"","ping_status":"","sticky":false,"template":"","format":"standard","meta":{"footnotes":""},"categories":[1888],"tags":[1111,1928,11,1927,1777,674,1011,27,12,1926,626,1925,25],"class_list":{"0":"post-341323","1":"post","2":"type-post","3":"status-publish","4":"format-standard","5":"has-post-thumbnail","7":"category-paris","8":"tag-actu","9":"tag-actu-paris","10":"tag-actualites","11":"tag-actualites-paris","12":"tag-eu","13":"tag-europe","14":"tag-fr","15":"tag-france","16":"tag-news","17":"tag-news-paris","18":"tag-paris","19":"tag-paris-news","20":"tag-republique-francaise"},"share_on_mastodon":{"url":"https:\/\/pubeurope.com\/@fr\/115085558688876351","error":""},"_links":{"self":[{"href":"https:\/\/www.europesays.com\/fr\/wp-json\/wp\/v2\/posts\/341323","targetHints":{"allow":["GET"]}}],"collection":[{"href":"https:\/\/www.europesays.com\/fr\/wp-json\/wp\/v2\/posts"}],"about":[{"href":"https:\/\/www.europesays.com\/fr\/wp-json\/wp\/v2\/types\/post"}],"author":[{"embeddable":true,"href":"https:\/\/www.europesays.com\/fr\/wp-json\/wp\/v2\/users\/2"}],"replies":[{"embeddable":true,"href":"https:\/\/www.europesays.com\/fr\/wp-json\/wp\/v2\/comments?post=341323"}],"version-history":[{"count":0,"href":"https:\/\/www.europesays.com\/fr\/wp-json\/wp\/v2\/posts\/341323\/revisions"}],"wp:featuredmedia":[{"embeddable":true,"href":"https:\/\/www.europesays.com\/fr\/wp-json\/wp\/v2\/media\/341324"}],"wp:attachment":[{"href":"https:\/\/www.europesays.com\/fr\/wp-json\/wp\/v2\/media?parent=341323"}],"wp:term":[{"taxonomy":"category","embeddable":true,"href":"https:\/\/www.europesays.com\/fr\/wp-json\/wp\/v2\/categories?post=341323"},{"taxonomy":"post_tag","embeddable":true,"href":"https:\/\/www.europesays.com\/fr\/wp-json\/wp\/v2\/tags?post=341323"}],"curies":[{"name":"wp","href":"https:\/\/api.w.org\/{rel}","templated":true}]}}