{"id":341325,"date":"2025-08-24T20:10:16","date_gmt":"2025-08-24T20:10:16","guid":{"rendered":"https:\/\/www.europesays.com\/fr\/341325\/"},"modified":"2025-08-24T20:10:16","modified_gmt":"2025-08-24T20:10:16","slug":"des-centaines-denfants-manchois-decouvrent-paris-pour-la-journee-de-ouf-des-oublies-des-vacances","status":"publish","type":"post","link":"https:\/\/www.europesays.com\/fr\/341325\/","title":{"rendered":"Des centaines d\u2019enfants manchois d\u00e9couvrent Paris pour la journ\u00e9e \u00ab de ouf ! \u00bb des oubli\u00e9s des vacances"},"content":{"rendered":"<p>            Par<br \/>\n        <strong><br \/>\n            <a href=\"https:\/\/actu.fr\/auteur\/redaction-pressemanche\" title=\"Consulter tous les articles de R\u00e9daction La Presse de la Manche\" target=\"_blank\" rel=\"noopener\">R\u00e9daction La Presse de la Manche<\/a><br \/>\n        <\/strong><\/p>\n<p>        Publi\u00e9 le<\/p>\n<p>            24 ao\u00fbt 2025 \u00e0 16h14        <\/p>\n<p>Mercredi 20 ao\u00fbt 2025, pour les <b>80 ans du Secours Populaire,<\/b> a eu lieu la \u00ab\u2009Journ\u00e9e des oubli\u00e9s des vacances\u2009\u00bb \u00e0 <a href=\"https:\/\/actu.fr\/paris\/\" target=\"_blank\" rel=\"noopener\">Paris<\/a>. Pour cette journ\u00e9e pr\u00e9vue pour les enfants <b>n\u2019ayant pas pu partir en vacances, ce sont 230 enfants et 65 adultes <\/b>accompagnateurs b\u00e9n\u00e9voles issus de toute la <a href=\"https:\/\/actu.fr\/normandie\/manche_50\" target=\"_blank\" rel=\"noopener\">Manche <\/a>qui ont pu prendre part \u00e0 cette belle f\u00eate collective dans la capitale.<\/p>\n<p class=\" wall-content\">Au total, il y avait <b>40\u2009000<\/b> enfants issus de toute la France, mais aussi <b>3\u2009000 <\/b>venus des cinq continents.<\/p>\n<p>    <img   decoding=\"async\" loading=\"lazy\" class=\"size-large\" src=\"https:\/\/www.europesays.com\/fr\/wp-content\/uploads\/2025\/08\/da8fdcc437a86ce8fdcc437a8c29fdv-683x640.jpeg\" alt=\"La Patrouille de France \u00e9blouit dans les airs les petits comme les grands\" width=\"683\" height=\"640\"\/><br \/>\n    La Patrouille de France \u00e9blouit dans les airs les petits comme les grands. \u00a9DR<\/p>\n<blockquote class=\"ac-article-quote wall-content\">\n<p>Les enfants repartent la t\u00eate pleine de beaux souvenirs, de moments de partage, de joie et de d\u00e9couverte.<\/p>\n<p>Emmanuelle Saillard, directrice du Secours Populaire fran\u00e7ais<\/p><\/blockquote>\n<p class=\" wall-content\">Au petit matin mercredi, <b>sept bus sont partis en couvrant 14 communes<\/b> de la Manche pour r\u00e9cup\u00e9rer les enfants au plus proche de leur domicile. Le r\u00e9veil a sonn\u00e9 t\u00f4t puisque les d\u00e9parts se sont \u00e9chelonn\u00e9s<b> entre 3\u2009h\u200915 et 4\u2009h\u200945 du matin.<\/b><\/p>\n<p class=\" wall-content\"><b>Le matin, les enfants ont pu<\/b> sillonner la Seine sur les bateaux parisiens, d\u00e9couvrant ainsi les plus beaux monuments de Paris et leur histoire. Pour de nombreux enfants, ce fut <b>une premi\u00e8re <\/b>dans la capitale et les yeux \u00e9taient \u00e9carquill\u00e9s devant la fameuse Tour Eiffel. Les enfants se sont ensuite rendus sur le Champ de Mars, <b>r\u00e9serv\u00e9 pour l\u2019\u00e9v\u00e9nement,<\/b> ils y ont pique-niqu\u00e9 puis pass\u00e9 l\u2019apr\u00e8s-midi.<\/p>\n<p>Vitaa, Marguerite ou encore Big Flo et Oli<\/p>\n<p class=\" wall-content\">Le programme \u00e9tait musical avec un karaok\u00e9 g\u00e9ant puis un concert avec des artistes NRJ comme <b>Vitaa, Marguerite ou encore Big Flo et Oli. <\/b>\u00c0 la fin du concert, deux passages d\u2019avion de la <b>Patrouille de France <\/b>ont fait la surprise et ont \u00e9merveill\u00e9 les jeunes Manchois.<\/p>\n<p class=\" wall-content\">Les enfants ont pu participer \u00e0<b> plus de 160 jeux et animations <\/b>comme des d\u00e9couvertes sportives, maquillage, ateliers artistiques, jeux g\u00e9ants\u2026 \u00ab\u2009Il y en avait pour tous les go\u00fbts\u2009!\u2009\u00bb, d\u00e9clare la directrice du Secours populaire de la Manche.<\/p>\n<p>Votre r\u00e9gion, votre actu !<\/p>\n<p>Recevez chaque jour les infos qui comptent pour vous.<\/p>\n<p>\t<a href=\"https:\/\/actu.fr\/newsletter\" class=\"ac-btn ac-btn--corner ac-btn--medium ac-btn--blue800\" target=\"_blank\" rel=\"noopener\">S&rsquo;incrire<\/a><\/p>\n<p class=\" wall-content\">De cette journ\u00e9e, les enfants en gardent des \u00e9toiles plein les yeux, ils ont pu<b> s\u2019ouvrir aux autres, s\u2019\u00e9manciper et grandir <\/b>dans une ambiance festive.<\/p>\n<p>    <img   decoding=\"async\" loading=\"lazy\" class=\"size-large\" src=\"https:\/\/www.europesays.com\/fr\/wp-content\/uploads\/2025\/08\/2744934637a863b44934637a80f449v-960x640.jpg\" alt=\"Le concert de Vitaa sur le Champ de Mars\" width=\"960\" height=\"640\"\/><br \/>\n    Le concert de Vitaa sur le Champ de Mars. \u00a9Laura GILLI<\/p>\n<p class=\" wall-content\">Emmanuelle Saillard tient sp\u00e9cifiquement <b>\u00e0 remercier tous les b\u00e9n\u00e9voles <\/b>qui ont rendu cette journ\u00e9e possible\u2009: \u00ab\u2009Celles et ceux qui ont accompagn\u00e9 les enfants bien s\u00fbr, mais aussi celles et ceux qui ont \u0153uvr\u00e9 <b>dans l\u2019ombre<\/b> en informant les familles, en prenant les inscriptions, en recrutant des b\u00e9n\u00e9voles accompagnateurs. <b>Rien ne serait possible sans<\/b> toutes ces heures b\u00e9n\u00e9voles donn\u00e9es pour le sourire des enfants\u2009\u00bb.<\/p>\n<p>    <img   decoding=\"async\" loading=\"lazy\" class=\"size-large\" src=\"https:\/\/www.europesays.com\/fr\/wp-content\/uploads\/2025\/08\/9c2794e537a86803794e537a874379v-960x640.jpg\" alt=\"Les enfants profitent d'une balade sur la Seine sur le fameux bateaux mouche\" width=\"960\" height=\"640\"\/><br \/>\n    Les enfants profitent d\u2019une balade sur la Seine sur les fameux bateaux-mouches. \u00a9DR<\/p>\n<p class=\" wall-content\"><b>Sarah TYTGAT<\/b><\/p>\n<p class=\" wall-content\">Personnalisez votre actualit\u00e9 en ajoutant vos villes et m\u00e9dias en favori avec <a href=\"https:\/\/moncompte.actu.fr\" title=\"D\u00e9couvez Mon Actu\" rel=\"nofollow noopener\" data-trk=\"{&quot;cta&quot;:{&quot;action&quot;:&quot;https:\\\/\\\/moncompte.actu.fr&quot;,&quot;category&quot;:&quot;mon compte&quot;,&quot;from&quot;:&quot;article footer&quot;,&quot;name&quot;:&quot;Mon actu&quot;,&quot;type&quot;:&quot;cta&quot;}}\" target=\"_blank\">Mon Actu<\/a>.<\/p>\n","protected":false},"excerpt":{"rendered":"Par R\u00e9daction La Presse de la Manche Publi\u00e9 le 24 ao\u00fbt 2025 \u00e0 16h14 Mercredi 20 ao\u00fbt 2025,&hellip;\n","protected":false},"author":2,"featured_media":341326,"comment_status":"","ping_status":"","sticky":false,"template":"","format":"standard","meta":{"footnotes":""},"categories":[1888],"tags":[11,1719,1777,674,1011,27,12,626,25,104,3176,586],"class_list":{"0":"post-341325","1":"post","2":"type-post","3":"status-publish","4":"format-standard","5":"has-post-thumbnail","7":"category-paris","8":"tag-actualites","9":"tag-enfants","10":"tag-eu","11":"tag-europe","12":"tag-fr","13":"tag-france","14":"tag-news","15":"tag-paris","16":"tag-republique-francaise","17":"tag-societe","18":"tag-vacances-scolaires","19":"tag-voyage"},"share_on_mastodon":{"url":"https:\/\/pubeurope.com\/@fr\/115085562584775029","error":""},"_links":{"self":[{"href":"https:\/\/www.europesays.com\/fr\/wp-json\/wp\/v2\/posts\/341325","targetHints":{"allow":["GET"]}}],"collection":[{"href":"https:\/\/www.europesays.com\/fr\/wp-json\/wp\/v2\/posts"}],"about":[{"href":"https:\/\/www.europesays.com\/fr\/wp-json\/wp\/v2\/types\/post"}],"author":[{"embeddable":true,"href":"https:\/\/www.europesays.com\/fr\/wp-json\/wp\/v2\/users\/2"}],"replies":[{"embeddable":true,"href":"https:\/\/www.europesays.com\/fr\/wp-json\/wp\/v2\/comments?post=341325"}],"version-history":[{"count":0,"href":"https:\/\/www.europesays.com\/fr\/wp-json\/wp\/v2\/posts\/341325\/revisions"}],"wp:featuredmedia":[{"embeddable":true,"href":"https:\/\/www.europesays.com\/fr\/wp-json\/wp\/v2\/media\/341326"}],"wp:attachment":[{"href":"https:\/\/www.europesays.com\/fr\/wp-json\/wp\/v2\/media?parent=341325"}],"wp:term":[{"taxonomy":"category","embeddable":true,"href":"https:\/\/www.europesays.com\/fr\/wp-json\/wp\/v2\/categories?post=341325"},{"taxonomy":"post_tag","embeddable":true,"href":"https:\/\/www.europesays.com\/fr\/wp-json\/wp\/v2\/tags?post=341325"}],"curies":[{"name":"wp","href":"https:\/\/api.w.org\/{rel}","templated":true}]}}