{"id":341329,"date":"2025-08-24T20:12:10","date_gmt":"2025-08-24T20:12:10","guid":{"rendered":"https:\/\/www.europesays.com\/fr\/341329\/"},"modified":"2025-08-24T20:12:10","modified_gmt":"2025-08-24T20:12:10","slug":"la-russie-et-lukraine-echangent-146-prisonniers-selon-le-ministere-russe-de-la-defense-24-08-2025-a-2143","status":"publish","type":"post","link":"https:\/\/www.europesays.com\/fr\/341329\/","title":{"rendered":"La Russie et l&rsquo;Ukraine \u00e9changent 146 prisonniers, selon le minist\u00e8re russe de la D\u00e9fense &#8211; 24\/08\/2025 \u00e0 21:43"},"content":{"rendered":"<p>\n (Actualis\u00e9 avec d\u00e9claration de Zelensky, arm\u00e9e ukrainienne)\n<\/p>\n<p>\n La Russie et l&rsquo;Ukraine ont<br \/>\n\u00e9chang\u00e9 dimanche 146 prisonniers de guerre de chaque camp apr\u00e8s<br \/>\nune m\u00e9diation des \u00c9mirats arabes unis, a fait savoir le<br \/>\nminist\u00e8re russe de la D\u00e9fense.\n<\/p>\n<p>\n Tous les Russes lib\u00e9r\u00e9s se trouvent en Bi\u00e9lorussie et vont<br \/>\nrecevoir une assistance psychologique et m\u00e9dicale, a-t-on appris<br \/>\nde m\u00eame source.\n<\/p>\n<p>\n Toujours selon le minist\u00e8re, l&rsquo;Ukraine a en outre remis \u00e0<br \/>\nMoscou huit citoyens russes, r\u00e9sidents de la r\u00e9gion de Koursk.\n<\/p>\n<p>\n Le pr\u00e9sident ukrainien Volodimir Zelensky a confirm\u00e9 sur<br \/>\nTelegram que l&rsquo;\u00e9change avait eu lieu sans pr\u00e9ciser le nombre de<br \/>\nprisonniers impliqu\u00e9s.\n<\/p>\n<p>\n \u00ab\u00a0Les \u00e9changes continuent. C&rsquo;est peut-\u00eatre possible gr\u00e2ce<br \/>\n\u00e0 nos soldats qui augmentent le fonds d&rsquo;\u00e9change pour l&rsquo;Ukraine\u00a0\u00bb,<br \/>\na-t-il d\u00e9clar\u00e9, faisant r\u00e9f\u00e9rence \u00e0 la capture de soldats<br \/>\nrusses.\n<\/p>\n<p>\n L&rsquo;arm\u00e9e ukrainienne a confirm\u00e9 dans un communiqu\u00e9 que<br \/>\n146 prisonniers de guerre de chaque camp ont \u00e9t\u00e9 \u00e9chang\u00e9s.\n<\/p>\n<p>\n (Reportage de Reuters<br \/>\nVersion fran\u00e7aise Elizabeth Pineau et Zhifan Liu)<\/p>\n","protected":false},"excerpt":{"rendered":"(Actualis\u00e9 avec d\u00e9claration de Zelensky, arm\u00e9e ukrainienne) La Russie et l&rsquo;Ukraine ont \u00e9chang\u00e9 dimanche 146 prisonniers de guerre&hellip;\n","protected":false},"author":2,"featured_media":2486,"comment_status":"","ping_status":"","sticky":false,"template":"","format":"standard","meta":{"footnotes":""},"categories":[1591],"tags":[400,11,398,408,405,1887,403,402,399,404,12,1885,1886,132,401,406,407],"class_list":{"0":"post-341329","1":"post","2":"type-post","3":"status-publish","4":"format-standard","5":"has-post-thumbnail","7":"category-russie","8":"tag-action-cac-40","9":"tag-actualites","10":"tag-bourse-de-paris","11":"tag-boursorama","12":"tag-cotations","13":"tag-federation-de-russie","14":"tag-indices-devises","15":"tag-investir","16":"tag-investissement","17":"tag-marche-boursier","18":"tag-news","19":"tag-russia","20":"tag-russian-federation","21":"tag-russie","22":"tag-sicav","23":"tag-trackers","24":"tag-warrants"},"share_on_mastodon":{"url":"https:\/\/pubeurope.com\/@fr\/115085570912535327","error":""},"_links":{"self":[{"href":"https:\/\/www.europesays.com\/fr\/wp-json\/wp\/v2\/posts\/341329","targetHints":{"allow":["GET"]}}],"collection":[{"href":"https:\/\/www.europesays.com\/fr\/wp-json\/wp\/v2\/posts"}],"about":[{"href":"https:\/\/www.europesays.com\/fr\/wp-json\/wp\/v2\/types\/post"}],"author":[{"embeddable":true,"href":"https:\/\/www.europesays.com\/fr\/wp-json\/wp\/v2\/users\/2"}],"replies":[{"embeddable":true,"href":"https:\/\/www.europesays.com\/fr\/wp-json\/wp\/v2\/comments?post=341329"}],"version-history":[{"count":0,"href":"https:\/\/www.europesays.com\/fr\/wp-json\/wp\/v2\/posts\/341329\/revisions"}],"wp:featuredmedia":[{"embeddable":true,"href":"https:\/\/www.europesays.com\/fr\/wp-json\/wp\/v2\/media\/2486"}],"wp:attachment":[{"href":"https:\/\/www.europesays.com\/fr\/wp-json\/wp\/v2\/media?parent=341329"}],"wp:term":[{"taxonomy":"category","embeddable":true,"href":"https:\/\/www.europesays.com\/fr\/wp-json\/wp\/v2\/categories?post=341329"},{"taxonomy":"post_tag","embeddable":true,"href":"https:\/\/www.europesays.com\/fr\/wp-json\/wp\/v2\/tags?post=341329"}],"curies":[{"name":"wp","href":"https:\/\/api.w.org\/{rel}","templated":true}]}}