{"id":341332,"date":"2025-08-24T20:14:15","date_gmt":"2025-08-24T20:14:15","guid":{"rendered":"https:\/\/www.europesays.com\/fr\/341332\/"},"modified":"2025-08-24T20:14:15","modified_gmt":"2025-08-24T20:14:15","slug":"internationaux-des-etats-unis-leylah-fernandez-domine-rebecca-marino-au-premier-tour","status":"publish","type":"post","link":"https:\/\/www.europesays.com\/fr\/341332\/","title":{"rendered":"Internationaux des \u00c9tats-Unis | Leylah Fernandez domine Rebecca Marino au premier tour"},"content":{"rendered":"<p class=\"lead textModule textModule--type-lead \" style=\"\">(New\u00a0York) La Lavalloise Leylah Annie Fernandez a facilement vaincu sa compatriote canadienne Rebecca Marino en deux manches de 6-2, 6-1 en premi\u00e8re ronde des Internationaux de tennis des \u00c9tats-Unis, dimanche apr\u00e8s-midi. <\/p>\n<p>                    Publi\u00e9 \u00e0 15\u00a0h\u00a028<\/p>\n<p>    <a class=\"print\" href=\"https:\/\/www.lapresse.ca\/sports\/tennis\/2025-08-24\/internationaux-des-etats-unis\/javascript:window.print();\" title=\"Imprimer la page\" rel=\"nofollow noopener\" target=\"_blank\"><\/p>\n<p>        <img loading=\"lazy\" decoding=\"async\" width=\"16\" height=\"18\" src=\"https:\/\/www.europesays.com\/fr\/wp-content\/uploads\/2025\/04\/share-icon.png\" alt=\"Partager\"\/><\/p>\n<p class=\"paragraph textModule textModule--type-paragraph \" style=\"\">Class\u00e9e 31e\u00a0t\u00eate de s\u00e9rie, Fernandez a connu un solide d\u00e9but de match contre une adversaire et amie qui avait gagn\u00e9 leur seul duel en carri\u00e8re, sur surface dure en 2022 au Mexique. <\/p>\n<p class=\"epigraph textModule textModule--type-epigraph \" style=\"\">Fernandez a entam\u00e9 le match en gagnant les quatre premiers jeux de l\u2019affrontement avant de conna\u00eetre ses premiers ennuis de l\u2019apr\u00e8s-midi. <\/p>\n<p class=\"paragraph textModule textModule--type-paragraph \" style=\"\">Lors d\u2019un jeu qui a n\u00e9cessit\u00e9 14\u00a0points, Marino a finalement bris\u00e9 la glace, convertissant sa troisi\u00e8me balle de bris. L\u2019athl\u00e8te de la Colombie-Britannique a suivi en gagnant son service puis en se donnant deux autres balles de bris, lors du septi\u00e8me jeu. <\/p>\n<p class=\"paragraph textModule textModule--type-paragraph \" style=\"\">Sur sa premi\u00e8re chance de bris, Marino a contr\u00f4l\u00e9 le point et d\u00e9pla\u00e7ait Fernandez de gauche \u00e0 droite. Cependant, Marino a exp\u00e9di\u00e9 une vol\u00e9e relativement facile au-del\u00e0 de la ligne de fond. Puis, sur le point suivant, Marino a retourn\u00e9 un coup de Fernandez dans le filet. <\/p>\n<p class=\"paragraph textModule textModule--type-paragraph \" style=\"\">La Lavalloise a gagn\u00e9 les deux points suivants pour porter le score\u00a05-2 en sa faveur avant de r\u00e9aliser son troisi\u00e8me bris du set. <\/p>\n<p>                                        <img decoding=\"async\" src=\"https:\/\/www.europesays.com\/fr\/wp-content\/uploads\/2025\/08\/e7eac59ae4b13c89bc926bccad601f93.jpg\" alt=\"\" class=\"photoModule__visual\" itemprop=\"contentUrl url\"\/><\/p>\n<p class=\"credit photoModule__caption photoModule__caption--credit\" style=\"\">\n                    PHOTO GEOFF BURKE, IMAGN IMAGES VIA REUTERS CONNECT\n                <\/p>\n<p class=\"description photoModule__caption photoModule__caption--description\" style=\"\">\n                    Leylah Fernandez au revers \u00e0 deux mains\n                <\/p>\n<p class=\"paragraph textModule textModule--type-paragraph \" style=\"\">La deuxi\u00e8me manche a commenc\u00e9 un peu comme la premi\u00e8re, Fernandez gagnant les trois premiers jeux, dont le deuxi\u00e8me au service de Marino. <\/p>\n<p class=\"paragraph textModule textModule--type-paragraph \" style=\"\">Fernandez a r\u00e9colt\u00e9 son cinqui\u00e8me bris du duel lors du sixi\u00e8me jeu en route vers une victoire en 68\u00a0minutes. <\/p>\n<p class=\"epigraph textModule textModule--type-epigraph \" style=\"\">Pour Fernandez, il s\u2019agit de sa deuxi\u00e8me victoire en cinq matchs depuis son triomphe au tournoi de Washington, le 27\u00a0juillet dernier. De son c\u00f4t\u00e9, Marino avait m\u00e9rit\u00e9 sa place au sein du tableau principal apr\u00e8s avoir gagn\u00e9 ses trois matchs du volet des qualifications. <\/p>\n<p class=\"paragraph textModule textModule--type-paragraph \" style=\"\">Malgr\u00e9 un seul as et trois doubles fautes, Fernandez a jou\u00e9 avec efficacit\u00e9 au service. Elle a r\u00e9ussi 60\u00a0% de ses premi\u00e8res balles et gagn\u00e9 24\u00a0points sur 34\u00a0\u2013 un taux de r\u00e9ussite de 71\u00a0% \u2013 apr\u00e8s avoir log\u00e9 sa premi\u00e8re balle en jeu. En guise de comparaison, Marino n\u2019a gagn\u00e9 que 11\u00a0points sur 25 en pareilles circonstances. <\/p>\n<p class=\"paragraph textModule textModule--type-paragraph \" style=\"\">La qualit\u00e9 du jeu de Fernandez \u00e0 son service lui a permis de ne faire face qu\u2019\u00e0 cinq balles de bris, dont quatre qu\u2019elle a r\u00e9ussi \u00e0 sauver. Marino a \u00e9galement \u00e9t\u00e9 confront\u00e9e \u00e0 cinq balles de bris, mais Fernandez les a toutes gagn\u00e9es. <\/p>\n<p>                                        <img decoding=\"async\" src=\"https:\/\/www.europesays.com\/fr\/wp-content\/uploads\/2025\/08\/e108672bd83537c9adfaa329bddbc65a.jpg\" alt=\"\" class=\"photoModule__visual\" itemprop=\"contentUrl url\"\/><\/p>\n<p class=\"credit photoModule__caption photoModule__caption--credit\" style=\"\">\n                    PHOTO YUKI IWAMURA, ASSOCIATED PRESS\n                <\/p>\n<p class=\"description photoModule__caption photoModule__caption--description\" style=\"\">\n                    Leylah Fernandez et Rebecca Marino apr\u00e8s le match\n                <\/p>\n<p class=\"paragraph textModule textModule--type-paragraph \" style=\"\">En deuxi\u00e8me ronde, Fernandez affrontera la gagnante du match qui aura lieu lundi entre la Fran\u00e7aise Elsa Jacquemot et la Tch\u00e8que Marie Bouzkova. <\/p>\n<p class=\"epigraph textModule textModule--type-epigraph \" style=\"\">Deux autres Canadiens seront en action lundi, dont Victoria Mboko, la nouvelle coqueluche du tennis f\u00e9minin. Mboko affrontera la Tch\u00e8que Barbora Krejcikova dans un duel qui sera pr\u00e9sent\u00e9 au stade Louis-Armstrong \u00e0 compter de 11\u00a0h. <\/p>\n<p class=\"paragraph textModule textModule--type-paragraph \" style=\"\">Mboko se pr\u00e9sentera au match \u00e0 titre de 22e\u00a0t\u00eate de s\u00e9rie. <\/p>\n<p class=\"paragraph textModule textModule--type-paragraph \" style=\"\">Chez les hommes, le Montr\u00e9alais Gabriel Diallo, class\u00e9 31e, disputera son premier match du tournoi contre Damir Dzumhur, de la Bosnie-Herz\u00e9govine. <\/p>\n<p class=\"paragraph textModule textModule--type-paragraph \" style=\"\">Enfin, mardi, le Montr\u00e9alais F\u00e9lix Auger-Aliassime (25e) et l\u2019Ontarien Denis Shapovalov (27e) entameront leur tournoi, contre le Britannique Billy Harris, class\u00e9 151e au monde, et le Hongrois Marton Fucsovics, d\u00e9tenteur du 63e\u00a0rang au classement de l\u2019ATP, respectivement. <\/p>\n","protected":false},"excerpt":{"rendered":"(New\u00a0York) La Lavalloise Leylah Annie Fernandez a facilement vaincu sa compatriote canadienne Rebecca Marino en deux manches de&hellip;\n","protected":false},"author":2,"featured_media":341333,"comment_status":"","ping_status":"","sticky":false,"template":"","format":"standard","meta":{"footnotes":""},"categories":[1589],"tags":[11,73,1866,12,1864,1865,1863,308],"class_list":{"0":"post-341332","1":"post","2":"type-post","3":"status-publish","4":"format-standard","5":"has-post-thumbnail","7":"category-etats-unis","8":"tag-actualites","9":"tag-etats-unis","10":"tag-etats-unis-damerique","11":"tag-news","12":"tag-united-states","13":"tag-united-states-of-america","14":"tag-us","15":"tag-usa"},"share_on_mastodon":{"url":"https:\/\/pubeurope.com\/@fr\/115085578450878030","error":""},"_links":{"self":[{"href":"https:\/\/www.europesays.com\/fr\/wp-json\/wp\/v2\/posts\/341332","targetHints":{"allow":["GET"]}}],"collection":[{"href":"https:\/\/www.europesays.com\/fr\/wp-json\/wp\/v2\/posts"}],"about":[{"href":"https:\/\/www.europesays.com\/fr\/wp-json\/wp\/v2\/types\/post"}],"author":[{"embeddable":true,"href":"https:\/\/www.europesays.com\/fr\/wp-json\/wp\/v2\/users\/2"}],"replies":[{"embeddable":true,"href":"https:\/\/www.europesays.com\/fr\/wp-json\/wp\/v2\/comments?post=341332"}],"version-history":[{"count":0,"href":"https:\/\/www.europesays.com\/fr\/wp-json\/wp\/v2\/posts\/341332\/revisions"}],"wp:featuredmedia":[{"embeddable":true,"href":"https:\/\/www.europesays.com\/fr\/wp-json\/wp\/v2\/media\/341333"}],"wp:attachment":[{"href":"https:\/\/www.europesays.com\/fr\/wp-json\/wp\/v2\/media?parent=341332"}],"wp:term":[{"taxonomy":"category","embeddable":true,"href":"https:\/\/www.europesays.com\/fr\/wp-json\/wp\/v2\/categories?post=341332"},{"taxonomy":"post_tag","embeddable":true,"href":"https:\/\/www.europesays.com\/fr\/wp-json\/wp\/v2\/tags?post=341332"}],"curies":[{"name":"wp","href":"https:\/\/api.w.org\/{rel}","templated":true}]}}