{"id":341336,"date":"2025-08-24T20:16:30","date_gmt":"2025-08-24T20:16:30","guid":{"rendered":"https:\/\/www.europesays.com\/fr\/341336\/"},"modified":"2025-08-24T20:16:30","modified_gmt":"2025-08-24T20:16:30","slug":"le-norvegien-soren-waerenskjold-remporte-le-tour-dallemagne","status":"publish","type":"post","link":"https:\/\/www.europesays.com\/fr\/341336\/","title":{"rendered":"le Norv\u00e9gien Soren Waerenskjold remporte le Tour d&rsquo;Allemagne"},"content":{"rendered":"<p>Vainqueur sur le Tour d\u2019Allemagne, le Norv\u00e9gien Soren Waerenskjold devance Matthew Brennan et Wout van Aert.<\/p>\n<p class=\"fig-paragraph\">Le Norv\u00e9gien<a href=\"http:\/\/www.lefigaro.fr\/sports\/cyclisme\/cyclisme-soren-waerenskjold-s-impose-et-prend-la-tete-du-classement-apres-la-2e-etape-du-al-ula-tour-20240131\" data-fig-type=\"NewsFlash\" data-gtm-custom-categorie=\"navigation\" data-gtm-custom-action=\"crossclick\" data-gtm-custom-label=\"Contextuel\" data-gtm-event=\"customEventSPE\" data-fig-domain=\"LEFIGARO\" rel=\"nofollow noopener\" target=\"_blank\">\u00a0Soren Waerenskjold\u00a0<\/a>a remport\u00e9 dimanche le Tour d&rsquo;Allemagne, commenc\u00e9 mercredi \u00e0 Essen et arriv\u00e9 \u00e0 Magdebourg, la derni\u00e8re \u00e9tape revenant au Britannique Matthew Brennan, qui a devanc\u00e9 au sprint Waerenskjold et l&rsquo;Italien\u00a0<a href=\"http:\/\/www.lefigaro.fr\/sports\/cyclisme\/cyclisme-groupama-fdj-engage-le-petit-frere-de-jonathan-milan-maillot-vert-du-dernier-tour-de-france-20250811\" data-fig-type=\"NewsFlash\" data-gtm-custom-categorie=\"navigation\" data-gtm-custom-action=\"crossclick\" data-gtm-custom-label=\"Contextuel\" data-gtm-event=\"customEventSPE\" data-fig-domain=\"LEFIGARO\" rel=\"nofollow noopener\" target=\"_blank\">Jonathan Milan<\/a>.<\/p>\n<p>Wout van Aert sur le podium<\/p>\n<p class=\"fig-paragraph\"><a href=\"http:\/\/www.lefigaro.fr\/sports\/cyclisme\/cyclisme-le-norvegien-waerenskjold-s-adjuge-le-circuit-het-nieuwsblad-20250301\" data-fig-type=\"NewsFlash\" data-gtm-custom-categorie=\"navigation\" data-gtm-custom-action=\"crossclick\" data-gtm-custom-label=\"Contextuel\" data-gtm-event=\"customEventSPE\" data-fig-domain=\"LEFIGARO\" rel=\"nofollow noopener\" target=\"_blank\">Waerenskjold\u00a0<\/a>a remport\u00e9 le prologue de trois kilom\u00e8tres dans les rues d&rsquo;Essen et la troisi\u00e8me \u00e9tape samedi \u00e0 Arnsberg. Il a pris vendredi la troisi\u00e8me place de la deuxi\u00e8me \u00e9tape, avec huit secondes d&rsquo;avance sur le groupe principal qui ont \u00e9t\u00e9 d\u00e9cisives. Samedi, il a franchi la ligne en deuxi\u00e8me position mais a profit\u00e9 du d\u00e9classement du N\u00e9erlandais Danny van Poppel.<\/p>\n<p>                                    <a class=\"fig-a11y-skip a11y-hidden\" href=\"#fig-a11y-skip-main-inarticle\"><br \/>\n        Passer la publicit\u00e9<br \/>\n    <\/a><\/p>\n<p class=\"fig-paragraph\">Dimanche, sur les rives de l&rsquo;Elbe, van Poppel a chut\u00e9 dans le sprint massif remport\u00e9 par Brennan, qui termine l&rsquo;\u00e9preuve \u00e0 la deuxi\u00e8me place, avec deux succ\u00e8s d&rsquo;\u00e9tape, puisqu&rsquo;il avait devanc\u00e9 Milan et van Poppel lors de la premi\u00e8re \u00e9tape jeudi. Le Belge Wout van Aert compl\u00e8te le podium final de ce Tour d&rsquo;Allemagne, \u00e0 33 secondes de Waerenskjold.<\/p>\n<p>. Classement de la 4e et derni\u00e8re \u00e9tape<\/p>\n<p class=\"fig-paragraph\">Halle (Salle) &#8211; Magdebourg (163,7 km)<\/p>\n<p class=\"fig-paragraph\">1. Matthew Brennan (GBR\/TVL) en 3 h 29:21<\/p>\n<p class=\"fig-paragraph\">2. Soren Waerenskjold (NOR\/UXM) m.t.<\/p>\n<p class=\"fig-paragraph\">3. Jonathan Milan (ITA\/LTK) m.t.<\/p>\n<p>                                    <a class=\"fig-a11y-skip a11y-hidden\" href=\"#fig-a11y-skip-main-inarticle_mtf\"><br \/>\n        Passer la publicit\u00e9<br \/>\n    <\/a><\/p>\n<p class=\"fig-paragraph\">4. Jordi Meeus (BEL\/RBH) m.t.<\/p>\n<p class=\"fig-paragraph\">5. Zak Erzen (SLO\/TBY) m.t.<\/p>\n<p class=\"fig-paragraph\">&#8230;<\/p>\n<p>. Classement g\u00e9n\u00e9ral final<\/p>\n<p class=\"fig-paragraph\">1. Soren Waerenskjold (NOR\/UXM) 16 h 29:58<\/p>\n<p class=\"fig-paragraph\">2. Matthew Brennan (GBR\/TVL) \u00e0 0:25<\/p>\n<p>                                    <a class=\"fig-a11y-skip a11y-hidden\" href=\"#fig-a11y-skip-main-inarticle_btf\"><br \/>\n        Passer la publicit\u00e9<br \/>\n    <\/a><\/p>\n<p class=\"fig-paragraph\">3. Wout van Aert (BEL\/TVL) \u00e0 0:33<\/p>\n<p class=\"fig-paragraph\">4. Marius Mayrhofer (GER\/TUD) \u00e0 0:35<\/p>\n<p class=\"fig-paragraph\">5. Riley Sheehan (USA\/IPT) m.t.<\/p>\n","protected":false},"excerpt":{"rendered":"Vainqueur sur le Tour d\u2019Allemagne, le Norv\u00e9gien Soren Waerenskjold devance Matthew Brennan et Wout van Aert. Le Norv\u00e9gien\u00a0Soren&hellip;\n","protected":false},"author":2,"featured_media":341337,"comment_status":"","ping_status":"","sticky":false,"template":"","format":"standard","meta":{"footnotes":""},"categories":[1587],"tags":[11,672,1804,1805,1803,1777,674,1801,12,1802,11698],"class_list":{"0":"post-341336","1":"post","2":"type-post","3":"status-publish","4":"format-standard","5":"has-post-thumbnail","7":"category-allemagne","8":"tag-actualites","9":"tag-allemagne","10":"tag-bundesrepublik-deutschland","11":"tag-de","12":"tag-deutschland","13":"tag-eu","14":"tag-europe","15":"tag-germany","16":"tag-news","17":"tag-republique-federale-dallemagne","18":"tag-wout-van-aert"},"share_on_mastodon":{"url":"https:\/\/pubeurope.com\/@fr\/115085586349536963","error":""},"_links":{"self":[{"href":"https:\/\/www.europesays.com\/fr\/wp-json\/wp\/v2\/posts\/341336","targetHints":{"allow":["GET"]}}],"collection":[{"href":"https:\/\/www.europesays.com\/fr\/wp-json\/wp\/v2\/posts"}],"about":[{"href":"https:\/\/www.europesays.com\/fr\/wp-json\/wp\/v2\/types\/post"}],"author":[{"embeddable":true,"href":"https:\/\/www.europesays.com\/fr\/wp-json\/wp\/v2\/users\/2"}],"replies":[{"embeddable":true,"href":"https:\/\/www.europesays.com\/fr\/wp-json\/wp\/v2\/comments?post=341336"}],"version-history":[{"count":0,"href":"https:\/\/www.europesays.com\/fr\/wp-json\/wp\/v2\/posts\/341336\/revisions"}],"wp:featuredmedia":[{"embeddable":true,"href":"https:\/\/www.europesays.com\/fr\/wp-json\/wp\/v2\/media\/341337"}],"wp:attachment":[{"href":"https:\/\/www.europesays.com\/fr\/wp-json\/wp\/v2\/media?parent=341336"}],"wp:term":[{"taxonomy":"category","embeddable":true,"href":"https:\/\/www.europesays.com\/fr\/wp-json\/wp\/v2\/categories?post=341336"},{"taxonomy":"post_tag","embeddable":true,"href":"https:\/\/www.europesays.com\/fr\/wp-json\/wp\/v2\/tags?post=341336"}],"curies":[{"name":"wp","href":"https:\/\/api.w.org\/{rel}","templated":true}]}}