{"id":34134,"date":"2025-04-18T13:14:20","date_gmt":"2025-04-18T13:14:20","guid":{"rendered":"https:\/\/www.europesays.com\/fr\/34134\/"},"modified":"2025-04-18T13:14:20","modified_gmt":"2025-04-18T13:14:20","slug":"a-paris-une-alliance-avec-rachida-dati-pour-les-municipales-nemballe-pas-les-macronistes-liberation","status":"publish","type":"post","link":"https:\/\/www.europesays.com\/fr\/34134\/","title":{"rendered":"A Paris, une alliance avec Rachida Dati pour les municipales n\u2019emballe pas les macronistes \u2013 Lib\u00e9ration"},"content":{"rendered":"<p class=\"sc-cPiKLX AiZTS text-element\">\u00abIls se vendront \u00e0 elle la corde au cou\u2026\u00bb pr\u00e9dit, fataliste, un ancien macroniste. Les \u00e9lus Renaissance in\u00e9luctablement rang\u00e9s derri\u00e8re Rachida Dati pour les \u00e9lections municipales de 2026 \u00e0 Paris ? Le haut-commissaire au Plan, Cl\u00e9ment Beaune, compte, lui, d\u00e9jouer ceux de la ministre de la Culture, qui ambitionne d\u2019unir la droite et le centre. Dati, \u00abce n\u2019est pas ma famille politique\u00bb, a pr\u00e9venu, jeudi sur Sud Radio, l\u2019ancien d\u00e9put\u00e9 de Paris, souhaitant que le bloc central (Renaissance, Modem, Horizons) parte sous ses propres couleurs <a href=\"https:\/\/www.liberation.fr\/politique\/anne-hidalgo-si-on-est-dans-le-nous-et-pas-dans-le-je-on-ne-perdra-pas-paris-20250311_MBFPGFVOEBBMNI2F7T6QDRFIUA\/\" target=\"_blank\" rel=\"noopener\">pour succ\u00e9der \u00e0 Anne Hidalgo<\/a>. \u00abCe serait bizarre que, dans la capitale, alors qu\u2019on a des \u00e9lections importantes, notre famille politique ne soit pas repr\u00e9sent\u00e9e. [\u2026] Nous avons des valeurs, des id\u00e9es qu\u2019il faut porter nous-m\u00eames\u00bb, enfonce Beaune qui compte \u00abs\u2019engager dans la campagne parisienne\u00bb en briguant \u00abune place sur une liste\u00bb voire en en prenant la t\u00eate.<\/p>\n<p class=\"sc-cPiKLX AiZTS text-element\">Est-il le seul \u00e0 se mettre en travers du rouleau compresseur Dati ? Fin mars, la candidate macroniste \u00e0 Paris en 2020, Agn\u00e8s Buzyn, aujourd\u2019hui conseill\u00e8re-ma\u00eetre \u00e0 la Cour des comptes, <a href=\"https:\/\/www.liberation.fr\/politique\/municipales-a-paris-agnes-buzyn-ex-candidate-renaissance-ne-soutiendra-pas-rachida-dati-en-2026-20250323_J27V5BVFWNHOPGE2UJ5GNLZ77U\/\" target=\"_blank\" rel=\"noopener\"><\/p>\n","protected":false},"excerpt":{"rendered":"\u00abIls se vendront \u00e0 elle la corde au cou\u2026\u00bb pr\u00e9dit, fataliste, un ancien macroniste. Les \u00e9lus Renaissance in\u00e9luctablement&hellip;\n","protected":false},"author":2,"featured_media":34135,"comment_status":"","ping_status":"","sticky":false,"template":"","format":"standard","meta":{"footnotes":""},"categories":[1888],"tags":[11,1777,674,1011,27,5945,12,626,417,3370,25],"class_list":{"0":"post-34134","1":"post","2":"type-post","3":"status-publish","4":"format-standard","5":"has-post-thumbnail","7":"category-paris","8":"tag-actualites","9":"tag-eu","10":"tag-europe","11":"tag-fr","12":"tag-france","13":"tag-municipales-elections","14":"tag-news","15":"tag-paris","16":"tag-rachida-dati","17":"tag-renaissance","18":"tag-republique-francaise"},"share_on_mastodon":{"url":"https:\/\/pubeurope.com\/@fr\/114359151597226556","error":""},"_links":{"self":[{"href":"https:\/\/www.europesays.com\/fr\/wp-json\/wp\/v2\/posts\/34134","targetHints":{"allow":["GET"]}}],"collection":[{"href":"https:\/\/www.europesays.com\/fr\/wp-json\/wp\/v2\/posts"}],"about":[{"href":"https:\/\/www.europesays.com\/fr\/wp-json\/wp\/v2\/types\/post"}],"author":[{"embeddable":true,"href":"https:\/\/www.europesays.com\/fr\/wp-json\/wp\/v2\/users\/2"}],"replies":[{"embeddable":true,"href":"https:\/\/www.europesays.com\/fr\/wp-json\/wp\/v2\/comments?post=34134"}],"version-history":[{"count":0,"href":"https:\/\/www.europesays.com\/fr\/wp-json\/wp\/v2\/posts\/34134\/revisions"}],"wp:featuredmedia":[{"embeddable":true,"href":"https:\/\/www.europesays.com\/fr\/wp-json\/wp\/v2\/media\/34135"}],"wp:attachment":[{"href":"https:\/\/www.europesays.com\/fr\/wp-json\/wp\/v2\/media?parent=34134"}],"wp:term":[{"taxonomy":"category","embeddable":true,"href":"https:\/\/www.europesays.com\/fr\/wp-json\/wp\/v2\/categories?post=34134"},{"taxonomy":"post_tag","embeddable":true,"href":"https:\/\/www.europesays.com\/fr\/wp-json\/wp\/v2\/tags?post=34134"}],"curies":[{"name":"wp","href":"https:\/\/api.w.org\/{rel}","templated":true}]}}