{"id":341340,"date":"2025-08-24T20:18:11","date_gmt":"2025-08-24T20:18:11","guid":{"rendered":"https:\/\/www.europesays.com\/fr\/341340\/"},"modified":"2025-08-24T20:18:11","modified_gmt":"2025-08-24T20:18:11","slug":"la-crise-europeenne-naissance-et-mort-de-lunion-europeenne","status":"publish","type":"post","link":"https:\/\/www.europesays.com\/fr\/341340\/","title":{"rendered":"La Crise europ\u00e9enne &#8211; Naissance et mort de l\u2019Union europ\u00e9enne"},"content":{"rendered":"<p>24 ao\u00fbt 2025. L&rsquo;Union europ\u00e9enne est plus pr\u00e9sente que jamais dans nos m\u00e9dias avec les annonces de la pr\u00e9sidente de la Commission et les rencontres au sommet r\u00e9guli\u00e8rement qualifi\u00e9es d&rsquo;\u00ab\u00a0historiques\u00a0\u00bb. Derri\u00e8re les apparences, la r\u00e9alit\u00e9 est toute autre\u00a0: c&rsquo;est une Europe en voie de d\u00e9classement \u00e9conomique, r\u00e9duite \u00e0 l&rsquo;impuissance et d\u00e9laiss\u00e9e par son seul alli\u00e9, les \u00c9tats-Unis. Y pouvons-nous changer quelque chose\u00a0?&#8230;<\/p>\n<p>Il y a des images plus parlantes que toutes les palabres des plateaux t\u00e9l\u00e9 et des r\u00e9seaux sociaux. En voil\u00e0 deux qui nous racontent \u00e0 elles seules l\u2019histoire finale de l\u2019Europe.<\/p>\n<p><img decoding=\"async\" alt=\"La chute du mur de Berlin le 9 novembre 1989 ; photo (d\u00e9tail) : Eric Bouvet (DR)\" class=\"droite\" src=\"https:\/\/www.europesays.com\/fr\/wp-content\/uploads\/2025\/08\/berlin-mur-bouvet.jpg\" style=\"float: right; width: 50%;\" title=\"La chute du mur de Berlin le 9 novembre 1989 ; photo (d\u00e9tail) : Eric Bouvet (DR)\" loading=\"lazy\"\/>Les plus \u00e2g\u00e9s d\u2019entre nous se souviennent avec \u00e9motion du <a href=\"https:\/\/www.herodote.net\/9_novembre_1989-evenement-19891109.php\" rel=\"nofollow noopener\" target=\"_blank\">Mur de Berlin<\/a> envahi par une foule joyeuse de jeunes Europ\u00e9ens\u00a0; c\u2019\u00e9tait il y a 36 ans, l\u2019unification pacifique du Vieux Continent sous les auspices de la Libert\u00e9.<\/p>\n<p>Et puis, ce 18 ao\u00fbt 2025, il y a cette photo prise \u00e0 la Maison Blanche (Washington) o\u00f9 l\u2019on voit en premier lieu un homme \u00e0 l\u2019allure lourde et imposante d\u2019un empereur romain. Il avance d\u2019un pas d\u00e9cid\u00e9 en entra\u00eenant\u00a0le vassal qu\u2019il se dispose \u00e0 immoler. \u00a0Derri\u00e8re, \u00e0 distance respectueuse, suit une vol\u00e9e d\u00e9sordonn\u00e9e de tributaires, souriant tout heureux d\u2019\u00eatre invit\u00e9s au spectacle.<\/p>\n<p>Tout est dit ici sur le nouvel ordre mondial et la mort de l\u2019Europe, au sens politique. Point n\u2019est besoin de lourdes d\u00e9monstrations pour le constater. Il nous suffit d\u2019oublier les propos de nos dirigeants en complet d\u00e9calage avec la r\u00e9alit\u00e9 et de nous en tenir \u00e0 l\u2019\u00e9nonc\u00e9 des faits \u00e9conomiques, militaires et bien s\u00fbr politiques et id\u00e9ologiques\u2026<\/p>\n<p>Les indicateurs \u00e9conomiques parlent d\u2019eux-m\u00eames. Depuis 1993, l\u2019\u00e9conomie \u00e9tasunienne progresse plus vite que l\u2019\u00e9conomie europ\u00e9enne. Tandis que le Produit int\u00e9rieur brut (PIB) des \u00c9tats-Unis a quadrupl\u00e9 entre 1993 et 2023, de 7000 \u00e0 28000 milliards de dollars, ceux de l\u2019Allemagne et de la France ont \u00e0 peine plus que doubl\u00e9, de 2100 \u00e0 4500 milliards de dollars pour la premi\u00e8re, de 1300 \u00e0 3100 pour la seconde.<\/p>\n<p>En d\u2019autres termes, le poids relatif de l\u2019Europe occidentale par rapport aux \u00c9tats-Unis a quasiment r\u00e9gress\u00e9 de moiti\u00e9 en trois d\u00e9cennies.<\/p>\n<p>Les \u00c9tats-Unis ont b\u00e2ti leur industrie sur <a href=\"https:\/\/www.herodote.net\/histoire\/synthese.php?ID=2165&amp;ID_dossier=583\" rel=\"nofollow noopener\" target=\"_blank\">un protectionnisme farouche<\/a> (comme avant eux les Britanniques et les Hollandais, comme aujourd\u2019hui les Chinois et les Indiens). En 1945, changement de programme\u00a0: forts de leur victoire sur le nazisme et d\u2019une supr\u00e9matie \u00e9conomique sans \u00e9gale, ils ont promu la suppression des barri\u00e8res douani\u00e8res et le libre-\u00e9change, cela afin de redresser l\u2019Europe occidentale, la convertir \u00e0 l\u2019american way of life\u2026 et inf\u00e9oder l\u2019\u00e9conomie europ\u00e9enne aux majors am\u00e9ricaines (Coca Cola, IBM, General Motors, Boeing, General Electric, etc.). Succ\u00e8s sur toute la ligne.<\/p>\n<p>En 1994-2001, trop heureux de voir leurs principes triompher avec l\u2019effondrement de l\u2019Union sovi\u00e9tique, Am\u00e9ricains et Europ\u00e9ens ont voulu \u00e9tendre le libre-\u00e9change au monde entier avec\u00a0<a href=\"https:\/\/www.herodote.net\/15_avril_1994-evenement-19940415.php\" rel=\"nofollow noopener\" target=\"_blank\">l\u2019OMC<\/a> (Organisation mondiale du commerce). Ils sont all\u00e9s jusqu&rsquo;\u00e0 int\u00e9grer en son sein\u00a0la Chine populaire, immense r\u00e9servoir de main-d\u2019\u0153uvre \u00e0 bon march\u00e9.<\/p>\n<p>Les Europ\u00e9ens n\u2019en sont pas rest\u00e9s l\u00e0. Voyant dans <a href=\"https:\/\/www.herodote.net\/Libre_echange_une_doctrine_qui_n_a_pas_fait_ses_preuves-synthese-2203-583.php\" rel=\"nofollow noopener\" target=\"_blank\">le \u00ab\u00a0doux commerce\u00a0\u00bb et le libre-\u00e9change<\/a> la cl\u00e9 de la paix et de l\u2019harmonie universelle, ils ont inscrit ceux-ci dans les trait\u00e9s de l\u2019Union europ\u00e9enne avec impossibilit\u00e9 pour les \u00c9tats membres d\u2019y d\u00e9roger, quelle que soit la conjoncture.<\/p>\n<p>C\u2019est ainsi que le <a href=\"https:\/\/www.herodote.net\/histoire\/evenement.php?jour=19920207&amp;ID_dossier=74\" rel=\"nofollow noopener\" target=\"_blank\">trait\u00e9 de Maastricht<\/a> de 1992 a fond\u00e9 l\u2019union mon\u00e9taire et donn\u00e9 valeur constitutionnelle \u00e0 \u00ab\u00a0la suppression progressive des restrictions aux \u00e9changes internationaux et aux investissements \u00e9trangers directs, ainsi qu&rsquo;\u00e0 la r\u00e9duction des barri\u00e8res douani\u00e8res et autres\u2026\u00a0\u00bb Cette ann\u00e9e-l\u00e0 marque le d\u00e9but du d\u00e9crochage de l\u2019\u00e9conomie europ\u00e9enne par rapport \u00e0 l\u2019\u00e9conomie \u00e9tasunienne.<\/p>\n<p>Les \u00c9tats-Unis s\u00e8ment la zizanie en Europe<\/p>\n<p>Le d\u00e9crochage \u00e9conomique de l\u2019Europe s\u2019est acc\u00e9l\u00e9r\u00e9 en 2008. Cette ann\u00e9e-l\u00e0, tandis que le gouvernement am\u00e9ricain surmontait plut\u00f4t bien la <a href=\"https:\/\/www.herodote.net\/24_juin_2007-evenement-20070624.php\" rel=\"nofollow noopener\" target=\"_blank\">crise des subprimes<\/a>, les pays europ\u00e9ens prenaient celle-ci de plein fouet.<\/p>\n<p>Incidemment, les <a href=\"https:\/\/www.herodote.net\/almanach-ID-3127.php\" rel=\"nofollow noopener\" target=\"_blank\">Jeux Olympiques de P\u00e9kin<\/a>, ouverts le 8 ao\u00fbt 2008, marquaient l\u2019irruption de la Chine populaire \u00e0 l\u2019avant-sc\u00e8ne mondiale. Peu soucieux de se sp\u00e9cialiser dans les produits bas de gamme selon les recommandations de l\u2019ap\u00f4tre du libre-\u00e9change David Ricardo, les Chinois commen\u00e7aient \u00e0 concurrencer les Occidentaux sur les produits \u00e0 haute valeur ajout\u00e9e mais personne n\u2019y prenait encore garde.<\/p>\n<p>Pour l\u2019heure, les \u00c9tats-Unis se payaient le luxe d\u2019une confrontation avec la Russie, en d\u00e9pit des <a href=\"https:\/\/www.herodote.net\/La_tragedie_russe_en_trois_actes_1991_2021_-synthese-3508-332.php\" rel=\"nofollow noopener\" target=\"_blank\">excellentes relations de Moscou avec Berlin et Washington<\/a>.<\/p>\n<p>Au sommet de l\u2019OTAN, en avril 2008 \u00e0 Bucarest, devant Vladimir Poutine, invit\u00e9 d\u2019honneur, les Am\u00e9ricains proposaient \u00e0 l\u2019Ukraine et \u00e0 la G\u00e9orgie d\u2019entrer dans l\u2019alliance atlantique\u00a0! La perspective de troupes am\u00e9ricaines man\u0153uvrant dans les plaines d\u2019Ukraine, \u00e0 proximit\u00e9 de Stalingrad et Koursk, hauts lieux de la Seconde Guerre mondiale, \u00e9tait inacceptable pour le pr\u00e9sident russe comme pour ses concitoyens\u00a0; c\u2019\u00e9tait se soumettre \u00e0 Washington et au Pentagone et perdre de fait leur ind\u00e9pendance strat\u00e9gique.<\/p>\n<p>Cet affront fait aux Russes pouvait s\u2019expliquer par le fait que, devenus autonomes en mati\u00e8re \u00e9nerg\u00e9tique gr\u00e2ce au p\u00e9trole et au gaz de schiste, les \u00c9tats-Unis n\u2019avaient plus besoin des ressources de la Russie en hydrocarbures.<\/p>\n<p>Les strat\u00e8ges de la Maison Blanche voulaient donc en profiter pour d\u00e9tacher Moscou de l\u2019Europe occidentale et rompre en particulier ses \u00e9changes fructueux avec Berlin\u00a0: gaz russe contre biens d\u2019\u00e9quipement allemands. Ainsi affaibliraient-ils leur principal concurrent industriel, \u00e0 savoir l\u2019Allemagne\u00a0!<\/p>\n<p>Le plan de Washington a fonctionn\u00e9 comme sur des roulettes d\u2019autant mieux que l\u2019Allemagne, guid\u00e9e par un \u00e9cologisme radical, a sacrifi\u00e9 son \u00e9nergie nucl\u00e9aire au profit de la combinaison \u00e9nergie \u00e9olienne\/gaz russe, ce qui lui a valu de perdre sur tous les tableaux\u00a0: strat\u00e9gique, \u00e9conomique et m\u00eame \u00e9cologique.<\/p>\n<p>Par une singuli\u00e8re incons\u00e9quence, tandis que Berlin et Moscou lan\u00e7aient la construction du <a href=\"https:\/\/www.herodote.net\/Nord_Stream_un_Mers_el_Kebir_ukrainien_-article-2829.php\" rel=\"nofollow noopener\" target=\"_blank\">gazoduc Nord Stream 2<\/a> en vue d\u2019intensifier leurs \u00e9changes, la Commission europ\u00e9enne proposait en 2013-2014 une aide financi\u00e8re cons\u00e9quente \u00e0 l\u2019Ukraine de mani\u00e8re \u00e0 la d\u00e9tacher de la Russie et\u00a0rompre des \u00e9changes mill\u00e9naires entre les deux pays !<\/p>\n<p>Tout cela a conduit \u00e0 une confrontation de Moscou avec l\u2019Ukraine comme avec le reste de l\u2019Europe et, huit ans plus tard, \u00e0 une guerre brutale dans le Donbass ainsi que je le d\u00e9taille dans mon essai g\u00e9opolitique et historique sur <a href=\"https:\/\/www.herodote.net\/_boutique\/Les_causes_politiques_de_la_guerre_en_ukraine-10226.php\" rel=\"nofollow noopener\" target=\"_blank\">Les Causes politiques de la guerre en Ukraine<\/a> (mai 2024).<\/p>\n<p>L\u2019Union europ\u00e9enne victime de ses dogmes<\/p>\n<p>Les \u00c9tats-Unis ont en d\u00e9finitive atteint leurs objectifs au-del\u00e0 de leurs esp\u00e9rances :<\/p>\n<p>L\u2019agriculture et l\u2019industrie europ\u00e9ennes\u00a0souffrent de la concurrence des pays \u00e9mergents, qu\u2019il s\u2019agisse de la Chine, de l\u2019Inde ou du Br\u00e9sil. Ils sont victimes du \u00ab\u00a0libre-\u00e9changisme\u00a0\u00bb inconditionnel de Bruxelles, grav\u00e9 dans <a href=\"https:\/\/www.herodote.net\/L_Europe_une_prison_des_peuples_-synthese-3046.php#206\" rel=\"nofollow noopener\" target=\"_blank\">l\u2019article 206 du trait\u00e9 de l\u2019Union europ\u00e9enne<\/a>. L\u2019Allemagne elle-m\u00eame est sur le point d\u2019entrer en r\u00e9cession. Qui plus est, son industrie automobile est menac\u00e9e de disparition par la faute de la Commission europ\u00e9enne qui s\u2019est mise en t\u00eate de dicter aux constructeurs leurs choix techniques en leur imposant de renoncer au moteur thermique et de passer \u00e0 l\u2019\u00e9lectrique d\u2019ici 2035.<\/p>\n<p>L\u2019Union europ\u00e9enne n\u2019est plus le moins du monde un concurrent pour l\u2019industrie am\u00e9ricaine, encore moins pour les entreprises du secteur num\u00e9rique, les fameuses GAFAM\u00a0: de Google \u00e0 Uber et Netflix, celles-ci r\u00e8gnent en ma\u00eetre sur le Vieux Continent. Elles g\u00e9n\u00e8rent d\u2019\u00e9normes transferts financiers qui ne figurent pas dans le solde commercial des \u00c9tats-Unis mais n\u2019en contribuent pas moins \u00e0 leur richesse.<\/p>\n<p>La guerre en Ukraine a aussi renforc\u00e9 la d\u00e9pendance des Europ\u00e9ens \u00e0 l\u2019\u00e9gard du Pentagone et des fabricants d\u2019armes am\u00e9ricains. C\u2019est au point que l\u2019avion de combat Rafale du Fran\u00e7ais Dassault ne trouve aucun preneur dans l\u2019Union europ\u00e9enne (sauf en Gr\u00e8ce et en Croatie), les partenaires de la France pr\u00e9f\u00e9rant le F-35 de l\u2019Am\u00e9ricain Lockheed pour ne pas se mettre \u00e0 dos Washington.<\/p>\n<p>Cerise sur le g\u00e2teau, le pr\u00e9sident Donald Trump a fait savoir aux Europ\u00e9ens que s\u2019ils d\u00e9siraient soutenir l\u2019effort de guerre de l\u2019Ukraine, ils devraient acheter aux \u00c9tats-Unis les armes destin\u00e9es \u00e0 ce pays, Washington n\u2019ayant plus l\u2019intention de d\u00e9penser quoi que ce soit dans cette guerre.<\/p>\n<p>Depuis plusieurs ann\u00e9es d\u00e9j\u00e0, les \u00c9tats-Unis ont pris la mesure de de la concurrence chinoise et de leur propre l\u00e9g\u00e8ret\u00e9. La d\u00e9localisation massive des usines vers les pays \u00e0 bas co\u00fbt a conduit au d\u00e9sespoir les vieilles r\u00e9gions industrielles du Middle West. La cons\u00e9quence politique en a \u00e9t\u00e9 l\u2019\u00e9lection de Donald Trump \u00e0 la pr\u00e9sidence des \u00c9tats-Unis, en 2016 et 2024.<\/p>\n<p>Si imparfaite qu\u2019elle soit, la d\u00e9mocratie am\u00e9ricaine a fonctionn\u00e9. Donald Trump a entendu le message de ses \u00e9lecteurs. Il est revenu \u00e0 un protectionnisme vigoureux apr\u00e8s une parenth\u00e8se libre-\u00e9changiste qui aura dur\u00e9 pr\u00e8s de soixante-dix ans. En mati\u00e8re g\u00e9opolitique, il s\u2019est pli\u00e9 \u00e0 l\u2019\u00e9go\u00efsme sacr\u00e9 de la nation et a tout bonnement abandonn\u00e9 l\u2019Europe \u00e0 son sort.<\/p>\n<p>Ainsi que le rappelle l\u2019historien Ludovic Tourn\u00e8s dans un lumineux article sur <a href=\"https:\/\/www.herodote.net\/La_menace_americaine-actualite-596.php\" rel=\"nofollow noopener\" target=\"_blank\">La menace am\u00e9ricaine<\/a>, les gouvernants am\u00e9ricains se sont int\u00e9ress\u00e9s \u00e0 l\u2019Europe seulement lorsqu\u2019il y allait de leur int\u00e9r\u00eat \u00e9conomique et strat\u00e9gique, soit en 1915-1919 et en 1941-1991. Il n\u2019y a pas de solidarit\u00e9 occidentale am\u00e9ricano-europ\u00e9enne qui serait inscrite de toute \u00e9ternit\u00e9 dans les g\u00e8nes des \u00c9tasuniens et des Europ\u00e9ens comme nous nous obstinons \u00e0 le croire. Aussi les \u00c9tats europ\u00e9ens seraient-ils bien inspir\u00e9s de ne plus s\u2019accrocher \u00e0 l\u2019OTAN comme \u00e0 une bou\u00e9e de sauvetage et de prendre leur autonomie strat\u00e9gique.<\/p>\n<p>Mais l\u2019\u00e9tat actuel de l\u2019Union europ\u00e9enne ne permet pas d\u2019esp\u00e9rer un changement d\u2019orientation comme aux \u00c9tats-Unis et ailleurs. Les gouvernants se sont en effet rendus prisonniers des dogmes inscrits dans les trait\u00e9s de l\u2019Union europ\u00e9enne. Ils sont en cons\u00e9quence emp\u00each\u00e9s d\u2019agir\u00a0en conformit\u00e9 avec leurs int\u00e9r\u00eats nationaux et les attentes de leurs \u00e9lecteurs (\u00e9nergie, industrie, agriculture, immigration, etc.). Ils sont tiraill\u00e9s qui plus est par des int\u00e9r\u00eats divergents. On le constate en mati\u00e8re d\u2019\u00e9nergie nucl\u00e9aire ou d\u2019armement comme en mati\u00e8re militaire. Ils en sont r\u00e9duits \u00e0 des rodomontades sans prise avec la r\u00e9alit\u00e9. Comme l&rsquo;illustre la r\u00e9union du 18 ao\u00fbt \u00e0 Washington, l\u2019Union europ\u00e9enne est\u00a0r\u00e9duite \u00e0 l\u2019impuissance. Ce n&rsquo;est plus qu&rsquo;une coquille vide\u00a0seulement capable d\u2019entraver la marche des \u00c9tats qui la constituent.<\/p>\n<p>Andr\u00e9 Laran\u00e9<\/p>\n","protected":false},"excerpt":{"rendered":"24 ao\u00fbt 2025. L&rsquo;Union europ\u00e9enne est plus pr\u00e9sente que jamais dans nos m\u00e9dias avec les annonces de la&hellip;\n","protected":false},"author":2,"featured_media":341341,"comment_status":"","ping_status":"","sticky":false,"template":"","format":"standard","meta":{"footnotes":""},"categories":[1586],"tags":[11,1777,674,1779,1011,27,12,25,1778,364],"class_list":{"0":"post-341340","1":"post","2":"type-post","3":"status-publish","4":"format-standard","5":"has-post-thumbnail","7":"category-europe","8":"tag-actualites","9":"tag-eu","10":"tag-europe","11":"tag-european-union","12":"tag-fr","13":"tag-france","14":"tag-news","15":"tag-republique-francaise","16":"tag-ue","17":"tag-union-europeenne"},"share_on_mastodon":{"url":"https:\/\/pubeurope.com\/@fr\/115085594155285415","error":""},"_links":{"self":[{"href":"https:\/\/www.europesays.com\/fr\/wp-json\/wp\/v2\/posts\/341340","targetHints":{"allow":["GET"]}}],"collection":[{"href":"https:\/\/www.europesays.com\/fr\/wp-json\/wp\/v2\/posts"}],"about":[{"href":"https:\/\/www.europesays.com\/fr\/wp-json\/wp\/v2\/types\/post"}],"author":[{"embeddable":true,"href":"https:\/\/www.europesays.com\/fr\/wp-json\/wp\/v2\/users\/2"}],"replies":[{"embeddable":true,"href":"https:\/\/www.europesays.com\/fr\/wp-json\/wp\/v2\/comments?post=341340"}],"version-history":[{"count":0,"href":"https:\/\/www.europesays.com\/fr\/wp-json\/wp\/v2\/posts\/341340\/revisions"}],"wp:featuredmedia":[{"embeddable":true,"href":"https:\/\/www.europesays.com\/fr\/wp-json\/wp\/v2\/media\/341341"}],"wp:attachment":[{"href":"https:\/\/www.europesays.com\/fr\/wp-json\/wp\/v2\/media?parent=341340"}],"wp:term":[{"taxonomy":"category","embeddable":true,"href":"https:\/\/www.europesays.com\/fr\/wp-json\/wp\/v2\/categories?post=341340"},{"taxonomy":"post_tag","embeddable":true,"href":"https:\/\/www.europesays.com\/fr\/wp-json\/wp\/v2\/tags?post=341340"}],"curies":[{"name":"wp","href":"https:\/\/api.w.org\/{rel}","templated":true}]}}