{"id":341350,"date":"2025-08-24T20:24:10","date_gmt":"2025-08-24T20:24:10","guid":{"rendered":"https:\/\/www.europesays.com\/fr\/341350\/"},"modified":"2025-08-24T20:24:10","modified_gmt":"2025-08-24T20:24:10","slug":"on-ne-va-pas-saffoler-et-on-va-continuer-a-travailler-apres-sa-defaite-19-a-7-face-a-tulle-cahors-rugby-poursuit-sa-preparation","status":"publish","type":"post","link":"https:\/\/www.europesays.com\/fr\/341350\/","title":{"rendered":"\u00ab\u00a0On ne va pas s\u2019affoler et on va continuer \u00e0 travailler\u00a0\u00bb: apr\u00e8s sa d\u00e9faite 19 \u00e0 7 face \u00e0 Tulle, Cahors Rugby poursuit sa pr\u00e9paration"},"content":{"rendered":"<p>\n                                                                    l&rsquo;essentiel<br \/>\n                                                                Pour son premier match de pr\u00e9paration face \u00e0 Tulle, en f\u00e9d\u00e9rale 1, Cahors Rugby s\u2018est inclin\u00e9 19 \u00e0 7. Une d\u00e9faite logique qui n\u2019effraie pas le staff mais permet d\u2019identifier les axes de travail.\n                            <\/p>\n<p>Les rugbymen cadurciens sont pass\u00e9s au r\u00e9v\u00e9lateur des exigences de la f\u00e9d\u00e9rale 1, ce samedi 23\u00a0ao\u00fbt au soir.<\/p>\n<p>Devant une belle chambr\u00e9e d\u2019au moins 600 personnes, les champions de France, amput\u00e9s d\u2019un bon mois de pr\u00e9paration par rapport \u00e0 leurs adversaires, Tulle, ont pu identifier les futurs axes de travail.<\/p>\n<p>Ouverture du score pour Cahors Rugby<\/p>\n<p>Ce premier galop s\u2019est sold\u00e9 par une d\u00e9faite sur le score de 19 \u00e0 7 assez logique contre une \u00e9quipe corr\u00e9zienne exp\u00e9riment\u00e9e qui a largement fait parler sa puissance notamment en premi\u00e8re p\u00e9riode. Car si les locaux ouvraient la marque d\u00e8s la deuxi\u00e8me minute par un magnifique essai tout en vitesse et ma\u00eetrise, la suite a \u00e9t\u00e9 plus compliqu\u00e9e. R\u00e9duits \u00e0 la d\u00e9fensive, ils parvenaient \u00e0 repousser les assauts pr\u00e8s de leur ligne mais c\u00e9daient \u00e0 la demi-heure sur un essai en force du pack tulliste. Toujours en t\u00eate sur le score de 7 \u00e0 5, Cahors cherchait des solutions dans les grands espaces mais les visiteurs viraient en t\u00eate \u00e0 la pause gr\u00e2ce un \u00e0 nouvel essai sign\u00e9 du centre Papon (7-12).<\/p>\n<p>\u00ab\u00a0On voit les secteurs \u00e0 travailler\u00a0\u00bb<\/p>\n<p>En deuxi\u00e8me p\u00e9riode, les locaux, contrari\u00e9s par le physique et le m\u00e9tier adverse, cherchaient \u00e0 mettre de la vitesse dans leur jeu. Si la p\u00e9riode a \u00e9t\u00e9 territorialement partag\u00e9e, chaque \u00e9quipe ayant eu ses occasions, les visiteurs se montraient les plus r\u00e9alistes en inscrivant un dernier essai \u00e0 la 75e minute apr\u00e8s plusieurs s\u00e9quences pr\u00e8s de la ligne des Cadurciens.<\/p>\n<p>Didier Valade (pr\u00e9sident de Cahors Rugby)\u00a0: \u00ab\u00a0Ce fut un bon match de pr\u00e9paration. On ne va pas s\u2019affoler et on va continuer \u00e0 travailler en gardant la confiance\u00a0\u00bb.<\/p>\n<p>Fabrice Vignals (co-entraineur)\u00a0: \u00ab\u00a0On voit les secteurs \u00e0 travailler et ce qui nous reste \u00e0 faire. On n\u2019est pas surpris, on a souffert dans certains secteurs comme la m\u00eal\u00e9e et les ballons port\u00e9s, mais on le savait\u00a0\u00bb.<\/p>\n<p>Chez les espoirs\u00a0: pas de quartier<\/p>\n<p>En lever de rideau, l\u2019\u00e9quipe espoir n\u2019a pas fait dans le d\u00e9tail en s\u2019imposant sur le score de 47 \u00e0 7.<\/p>\n<p>Jordan Reccia (centre)\u00a0: \u00ab\u00a0On a \u00e9t\u00e9 dominateurs d\u00e8s le d\u00e9part, on a envoy\u00e9 beaucoup de jeu et ils ont craqu\u00e9 physiquement. On a respect\u00e9 les consignes mais ce n\u2019est que le d\u00e9but et on a encore des choses \u00e0 travailler\u00a0\u00bb.<\/p>\n","protected":false},"excerpt":{"rendered":"l&rsquo;essentiel Pour son premier match de pr\u00e9paration face \u00e0 Tulle, en f\u00e9d\u00e9rale 1, Cahors Rugby s\u2018est inclin\u00e9 19&hellip;\n","protected":false},"author":2,"featured_media":341351,"comment_status":"","ping_status":"","sticky":false,"template":"","format":"standard","meta":{"footnotes":""},"categories":[1416],"tags":[1011,27,479,1468,60],"class_list":{"0":"post-341350","1":"post","2":"type-post","3":"status-publish","4":"format-standard","5":"has-post-thumbnail","7":"category-rugby","8":"tag-fr","9":"tag-france","10":"tag-rugby","11":"tag-rugby-football","12":"tag-sports"},"share_on_mastodon":{"url":"https:\/\/pubeurope.com\/@fr\/115085617641251846","error":""},"_links":{"self":[{"href":"https:\/\/www.europesays.com\/fr\/wp-json\/wp\/v2\/posts\/341350","targetHints":{"allow":["GET"]}}],"collection":[{"href":"https:\/\/www.europesays.com\/fr\/wp-json\/wp\/v2\/posts"}],"about":[{"href":"https:\/\/www.europesays.com\/fr\/wp-json\/wp\/v2\/types\/post"}],"author":[{"embeddable":true,"href":"https:\/\/www.europesays.com\/fr\/wp-json\/wp\/v2\/users\/2"}],"replies":[{"embeddable":true,"href":"https:\/\/www.europesays.com\/fr\/wp-json\/wp\/v2\/comments?post=341350"}],"version-history":[{"count":0,"href":"https:\/\/www.europesays.com\/fr\/wp-json\/wp\/v2\/posts\/341350\/revisions"}],"wp:featuredmedia":[{"embeddable":true,"href":"https:\/\/www.europesays.com\/fr\/wp-json\/wp\/v2\/media\/341351"}],"wp:attachment":[{"href":"https:\/\/www.europesays.com\/fr\/wp-json\/wp\/v2\/media?parent=341350"}],"wp:term":[{"taxonomy":"category","embeddable":true,"href":"https:\/\/www.europesays.com\/fr\/wp-json\/wp\/v2\/categories?post=341350"},{"taxonomy":"post_tag","embeddable":true,"href":"https:\/\/www.europesays.com\/fr\/wp-json\/wp\/v2\/tags?post=341350"}],"curies":[{"name":"wp","href":"https:\/\/api.w.org\/{rel}","templated":true}]}}