{"id":341355,"date":"2025-08-24T20:28:18","date_gmt":"2025-08-24T20:28:18","guid":{"rendered":"https:\/\/www.europesays.com\/fr\/341355\/"},"modified":"2025-08-24T20:28:18","modified_gmt":"2025-08-24T20:28:18","slug":"om-transfert-a-30me-la-terrible-trahison","status":"publish","type":"post","link":"https:\/\/www.europesays.com\/fr\/341355\/","title":{"rendered":"OM &#8211; Transfert \u00e0 30M\u20ac : La terrible trahison !"},"content":{"rendered":"<p>                    Hugo Chirossel<br \/>\n                        &#8211;<\/p>\n<p>Journaliste<\/p>\n<p>Passionn\u00e9 de football depuis le plus jeune \u00e2ge, devenir journaliste sportif est rapidement devenu une \u00e9vidence pour Hugo. Il se d\u00e9couvrira plus tard un amour pour la NBA, avant d\u2019explorer d\u2019autres horizons comme ceux de la Formule 1 et de la NFL.<\/p>\n<p class=\"heading\">Alors qu\u2019il essaye depuis plusieurs semaines de s\u2019attacher les services de Joel Ord\u00f3\u00f1ez, l\u2019OM se heurte \u00e0 la d\u00e9cision du Club Bruges de finalement conserver le d\u00e9fenseur \u00e2g\u00e9 de 21 ans. Ce dernier, qui souhaite rejoindre Marseille, a pourtant \u00e9t\u00e9 assur\u00e9 au mois de janvier dernier qu\u2019il pourrait partir cet \u00e9t\u00e9, un accord verbal qui n\u2019est pas respect\u00e9. <\/p>\n<p>Malgr\u00e9 les arriv\u00e9es de <strong>CJ Egan-Riley<\/strong> (22 ans) et de <strong>Facundo Medina<\/strong> (26 ans), l\u2019<strong>OM<\/strong> cherche encore \u00e0 recruter un d\u00e9fenseur central et, en ce sens, a jet\u00e9 son d\u00e9volu sur <strong>Joel Ord\u00f3\u00f1ez <\/strong>(21 ans). <a href=\"https:\/\/le10sport.com\/football\/ligue1\/om\/om-un-transfert-a-30meur-est-annule-il-part-au-clash-755447\" rel=\"nofollow noopener\" target=\"_blank\">Comme indiqu\u00e9 par les journalistes <strong>Sacha Tavolieri <\/strong>et <strong>Cesar Luis Merlo<\/strong><\/a>, Marseille a r\u00e9pondu aux exigences du <strong>Club Bruges<\/strong>, proposant 25M\u20ac, plus 5M\u20ac de bonus, pour le recruter. <\/p>\n<p>                                            Bruges bloque le transfert d\u2019Ord\u00f3\u00f1ez<\/p>\n<p>Toutefois, la formation belge a chang\u00e9 d\u2019avis et finalement ferm\u00e9 la porte \u00e0 un d\u00e9part de l\u2019international \u00e9quatorien (8 s\u00e9lections). Ce qui a provoqu\u00e9 la col\u00e8re de ce dernier, d\u00e9termin\u00e9 \u00e0 rejoindre l\u2019<strong>OM<\/strong> et qui a d\u00e9cid\u00e9 de s\u00e9cher l\u2019entra\u00eenement de son \u00e9quipe, apr\u00e8s avoir inform\u00e9 son entra\u00eeneur, <strong>Nicky Hayen<\/strong>. <\/p>\n<p>                                            Bruges ne respecte pas son accord verbal avec Ord\u00f3\u00f1ez<\/p>\n<p>Ce que confirme la journaliste <strong>Johanna Calder\u00f3n<\/strong>, qui indique qu\u2019au mois de janvier dernier, quand des clubs de Premier League avaient fait part de leur int\u00e9r\u00eat, le <strong>Club Bruges<\/strong> avait donn\u00e9 sa parole \u00e0<strong> Joel Ord\u00f3\u00f1ez<\/strong>, lui assurant qu\u2019il pourrait partir cet \u00e9t\u00e9. Un accord verbal qui n\u2019a pas \u00e9t\u00e9 respect\u00e9, alors que le joueur a clairement fait savoir qu\u2019il voulait jouer \u00e0 l\u2019<strong>OM<\/strong>. <\/p>\n","protected":false},"excerpt":{"rendered":"Hugo Chirossel &#8211; Journaliste Passionn\u00e9 de football depuis le plus jeune \u00e2ge, devenir journaliste sportif est rapidement devenu&hellip;\n","protected":false},"author":2,"featured_media":341356,"comment_status":"","ping_status":"","sticky":false,"template":"","format":"standard","meta":{"footnotes":""},"categories":[1412],"tags":[1451,1452,1453,1454,1455,1011,27,60],"class_list":{"0":"post-341355","1":"post","2":"type-post","3":"status-publish","4":"format-standard","5":"has-post-thumbnail","7":"category-f1","8":"tag-f1","9":"tag-formula-1","10":"tag-formula1","11":"tag-formule-1","12":"tag-formule1","13":"tag-fr","14":"tag-france","15":"tag-sports"},"share_on_mastodon":{"url":"https:\/\/pubeurope.com\/@fr\/115085633378271369","error":""},"_links":{"self":[{"href":"https:\/\/www.europesays.com\/fr\/wp-json\/wp\/v2\/posts\/341355","targetHints":{"allow":["GET"]}}],"collection":[{"href":"https:\/\/www.europesays.com\/fr\/wp-json\/wp\/v2\/posts"}],"about":[{"href":"https:\/\/www.europesays.com\/fr\/wp-json\/wp\/v2\/types\/post"}],"author":[{"embeddable":true,"href":"https:\/\/www.europesays.com\/fr\/wp-json\/wp\/v2\/users\/2"}],"replies":[{"embeddable":true,"href":"https:\/\/www.europesays.com\/fr\/wp-json\/wp\/v2\/comments?post=341355"}],"version-history":[{"count":0,"href":"https:\/\/www.europesays.com\/fr\/wp-json\/wp\/v2\/posts\/341355\/revisions"}],"wp:featuredmedia":[{"embeddable":true,"href":"https:\/\/www.europesays.com\/fr\/wp-json\/wp\/v2\/media\/341356"}],"wp:attachment":[{"href":"https:\/\/www.europesays.com\/fr\/wp-json\/wp\/v2\/media?parent=341355"}],"wp:term":[{"taxonomy":"category","embeddable":true,"href":"https:\/\/www.europesays.com\/fr\/wp-json\/wp\/v2\/categories?post=341355"},{"taxonomy":"post_tag","embeddable":true,"href":"https:\/\/www.europesays.com\/fr\/wp-json\/wp\/v2\/tags?post=341355"}],"curies":[{"name":"wp","href":"https:\/\/api.w.org\/{rel}","templated":true}]}}