{"id":341357,"date":"2025-08-24T20:29:10","date_gmt":"2025-08-24T20:29:10","guid":{"rendered":"https:\/\/www.europesays.com\/fr\/341357\/"},"modified":"2025-08-24T20:29:10","modified_gmt":"2025-08-24T20:29:10","slug":"david-gaudu-a-decroche-un-resultat-prometteur-dans-la-premiere-arrivee-au-sommet-de-la-vuelta","status":"publish","type":"post","link":"https:\/\/www.europesays.com\/fr\/341357\/","title":{"rendered":"David Gaudu a d\u00e9croch\u00e9 un r\u00e9sultat prometteur dans la premi\u00e8re arriv\u00e9e au sommet de la Vuelta"},"content":{"rendered":"\n<p>\u00ab\u00a0Physiquement, c&rsquo;est reparti\u00a0\u00bb\u00a0 : David Gaudu  a d\u00e9croch\u00e9 un r\u00e9sultat prometteur dans la premi\u00e8re arriv\u00e9e au sommet de la Vuelta<\/p>\n<p>Le Breton de Groupama-FDJ David Gaudu a pass\u00e9 la journ\u00e9e \u00e0 l&rsquo;arri\u00e8re dimanche, \u00ab\u00a0t\u00e9tanis\u00e9\u00a0\u00bb par la pluie, puis a remont\u00e9 presque tout le monde pour s&rsquo;offrir un podium tr\u00e8s encourageant, lors de la premi\u00e8re arriv\u00e9e au sommet de la Vuelta.<\/p>\n","protected":false},"excerpt":{"rendered":"\u00ab\u00a0Physiquement, c&rsquo;est reparti\u00a0\u00bb\u00a0 : David Gaudu a d\u00e9croch\u00e9 un r\u00e9sultat prometteur dans la premi\u00e8re arriv\u00e9e au sommet de&hellip;\n","protected":false},"author":2,"featured_media":341358,"comment_status":"","ping_status":"","sticky":false,"template":"","format":"standard","meta":{"footnotes":""},"categories":[1411],"tags":[1154,207,1011,27,60],"class_list":{"0":"post-341357","1":"post","2":"type-post","3":"status-publish","4":"format-standard","5":"has-post-thumbnail","7":"category-cyclisme","8":"tag-cycling","9":"tag-cyclisme","10":"tag-fr","11":"tag-france","12":"tag-sports"},"share_on_mastodon":{"url":"https:\/\/pubeurope.com\/@fr\/115085637345483047","error":""},"_links":{"self":[{"href":"https:\/\/www.europesays.com\/fr\/wp-json\/wp\/v2\/posts\/341357","targetHints":{"allow":["GET"]}}],"collection":[{"href":"https:\/\/www.europesays.com\/fr\/wp-json\/wp\/v2\/posts"}],"about":[{"href":"https:\/\/www.europesays.com\/fr\/wp-json\/wp\/v2\/types\/post"}],"author":[{"embeddable":true,"href":"https:\/\/www.europesays.com\/fr\/wp-json\/wp\/v2\/users\/2"}],"replies":[{"embeddable":true,"href":"https:\/\/www.europesays.com\/fr\/wp-json\/wp\/v2\/comments?post=341357"}],"version-history":[{"count":0,"href":"https:\/\/www.europesays.com\/fr\/wp-json\/wp\/v2\/posts\/341357\/revisions"}],"wp:featuredmedia":[{"embeddable":true,"href":"https:\/\/www.europesays.com\/fr\/wp-json\/wp\/v2\/media\/341358"}],"wp:attachment":[{"href":"https:\/\/www.europesays.com\/fr\/wp-json\/wp\/v2\/media?parent=341357"}],"wp:term":[{"taxonomy":"category","embeddable":true,"href":"https:\/\/www.europesays.com\/fr\/wp-json\/wp\/v2\/categories?post=341357"},{"taxonomy":"post_tag","embeddable":true,"href":"https:\/\/www.europesays.com\/fr\/wp-json\/wp\/v2\/tags?post=341357"}],"curies":[{"name":"wp","href":"https:\/\/api.w.org\/{rel}","templated":true}]}}