{"id":341359,"date":"2025-08-24T20:30:12","date_gmt":"2025-08-24T20:30:12","guid":{"rendered":"https:\/\/www.europesays.com\/fr\/341359\/"},"modified":"2025-08-24T20:30:12","modified_gmt":"2025-08-24T20:30:12","slug":"ca-chauffe-entre-lens-et-auxerre","status":"publish","type":"post","link":"https:\/\/www.europesays.com\/fr\/341359\/","title":{"rendered":"\u00c7a chauffe entre Lens et Auxerre"},"content":{"rendered":"<p><strong>Le transfert de Lassine Sinayoko<br \/>\nd\u2019Auxerre \u00e0 Lens vire \u00e0 la foire d\u2019empoigne.<\/strong><\/p>\n<p>Tout \u00e9tait cens\u00e9 \u00eatre boucl\u00e9. Vendredi, <strong><a href=\"https:\/\/www.sports.fr\/football\/mercato\" rel=\"nofollow noopener\" target=\"_blank\">un accord<br \/>\npr\u00e9sum\u00e9<\/a><\/strong> entre l\u2019AJA et le RC Lens semblait avoir \u00e9t\u00e9<br \/>\ntrouv\u00e9 pour le transfert de Lassine Sinayoko. Avec trois<br \/>\nengagements couch\u00e9s sur le papier selon L\u2019Equipe: \u00ab\u00a01\/ Une<br \/>\nindemnit\u00e9 de transfert de 6,5 M\u20ac (+1,5 M\u20ac de bonus) vers\u00e9e par Lens<br \/>\npour racheter la derni\u00e8re ann\u00e9e de contrat de Sinayoko. 2\/ La<br \/>\npossibilit\u00e9 pour Auxerre d\u2019aligner son attaquant une derni\u00e8re fois<br \/>\n\u00e0 l\u2019Allianz Riviera samedi. 3\/ L\u2019engagement de la direction<br \/>\nauxerroise de signer ledit draft (un accord contractuel<br \/>\npr\u00e9alable, ndlr) avant son d\u00e9placement sur la C\u00f4te<br \/>\nd\u2019Azur.\u00a0\u00bb<\/p>\n<p>Oui mais voil\u00e0, alors que l\u2019attaquant franco-malien de 25 ans<br \/>\n\u00e9tait attendu ce dimanche \u00e0 Lens pour passer sa visite m\u00e9dicale et<br \/>\nparapher dans la foul\u00e9e un nouveau bail de quatre ans, les Sang et<br \/>\nOr n\u2019ont pas vu l\u2019int\u00e9ress\u00e9 d\u00e9barquer. Le club bourguignon arguant<br \/>\nque \u00ab\u00a0tous les d\u00e9tails autour du transfert n\u2019ont pas \u00e9t\u00e9<br \/>\nr\u00e9gl\u00e9s, y compris avec l\u2019entourage du joueur\u00a0\u00bb.<\/p>\n<p>Pierre Sage tacle l\u2019AJA<\/p>\n<p>Du c\u00f4t\u00e9 art\u00e9sien, c\u2019est l\u2019incompr\u00e9hension. Pierre sage, le coach<br \/>\ndu Racing, ne cachait pas sa surprise ce dimanche, en marge de la<br \/>\nvictoire de son \u00e9quipe au Havre (1-2). \u00ab\u00a0Les dirigeants<br \/>\nont fait tout ce qu\u2019il fallait, ont fait les proc\u00e9dures demand\u00e9es,<br \/>\ndonc les documents sont \u00e9crits. Les \u00e9crits restent, donc il s\u2019agit<br \/>\nde les respecter \u00bb, dixit l\u2019ancien Lyonnais \u00e0 l\u2019adresse de<br \/>\nl\u2019\u00e9tat-major auxerrois.<\/p>\n<blockquote class=\"twitter-tweet\"><p><a class=\"twitter-link\" rel=\"noindex, nofollow noopener\" href=\"https:\/\/twitter.com\/sports_fr\/status\/1959689449136152807\" target=\"_blank\"><\/p><\/blockquote>\n<p>Selon le quotidien sportif susmentionn\u00e9, l\u2019entra\u00eeneur icaunais<br \/>\nChristophe P\u00e9lissier pousserait aupr\u00e8s de sa direction pour garder<br \/>\nson meilleur buteur (deux r\u00e9alisations d\u00e9j\u00e0 en deux journ\u00e9es de<br \/>\nchampionnat. M\u00eame si ce dernier nie toute pression et rappelle que<br \/>\nle propri\u00e9taire du club, James Zhou, et seul d\u00e9cisionnaire en la<br \/>\nmati\u00e8re. Lassine Sinayoko, lui, n\u2019entendrait pas aller au clash,<br \/>\nsatisfait de sa situation \u00e0 Auxerre et s\u2019attendant \u00e0 \u00eatre sollicit\u00e9<br \/>\ndavantage encore \u00e0 l\u2019avenir.<\/p>\n<p><script async src=\"https:\/\/platform.twitter.com\/widgets.js\" charset=\"utf-8\"><\/script><\/p>\n","protected":false},"excerpt":{"rendered":"Le transfert de Lassine Sinayoko d\u2019Auxerre \u00e0 Lens vire \u00e0 la foire d\u2019empoigne. Tout \u00e9tait cens\u00e9 \u00eatre boucl\u00e9.&hellip;\n","protected":false},"author":2,"featured_media":341360,"comment_status":"","ping_status":"","sticky":false,"template":"","format":"standard","meta":{"footnotes":""},"categories":[1410],"tags":[63,1011,27,60],"class_list":{"0":"post-341359","1":"post","2":"type-post","3":"status-publish","4":"format-standard","5":"has-post-thumbnail","7":"category-football","8":"tag-football","9":"tag-fr","10":"tag-france","11":"tag-sports"},"share_on_mastodon":{"url":"https:\/\/pubeurope.com\/@fr\/115085641233288076","error":""},"_links":{"self":[{"href":"https:\/\/www.europesays.com\/fr\/wp-json\/wp\/v2\/posts\/341359","targetHints":{"allow":["GET"]}}],"collection":[{"href":"https:\/\/www.europesays.com\/fr\/wp-json\/wp\/v2\/posts"}],"about":[{"href":"https:\/\/www.europesays.com\/fr\/wp-json\/wp\/v2\/types\/post"}],"author":[{"embeddable":true,"href":"https:\/\/www.europesays.com\/fr\/wp-json\/wp\/v2\/users\/2"}],"replies":[{"embeddable":true,"href":"https:\/\/www.europesays.com\/fr\/wp-json\/wp\/v2\/comments?post=341359"}],"version-history":[{"count":0,"href":"https:\/\/www.europesays.com\/fr\/wp-json\/wp\/v2\/posts\/341359\/revisions"}],"wp:featuredmedia":[{"embeddable":true,"href":"https:\/\/www.europesays.com\/fr\/wp-json\/wp\/v2\/media\/341360"}],"wp:attachment":[{"href":"https:\/\/www.europesays.com\/fr\/wp-json\/wp\/v2\/media?parent=341359"}],"wp:term":[{"taxonomy":"category","embeddable":true,"href":"https:\/\/www.europesays.com\/fr\/wp-json\/wp\/v2\/categories?post=341359"},{"taxonomy":"post_tag","embeddable":true,"href":"https:\/\/www.europesays.com\/fr\/wp-json\/wp\/v2\/tags?post=341359"}],"curies":[{"name":"wp","href":"https:\/\/api.w.org\/{rel}","templated":true}]}}